{"id":22926,"date":"2018-02-26T10:16:34","date_gmt":"2018-02-26T13:16:34","guid":{"rendered":"https:\/\/www.tjes.jus.br\/corregedoria\/?p=22926"},"modified":"2018-02-26T10:16:34","modified_gmt":"2018-02-26T13:16:34","slug":"ato-normativo-no-045-2018-disp-26-02-2018","status":"publish","type":"post","link":"https:\/\/www.tjes.jus.br\/corregedoria\/2018\/02\/26\/ato-normativo-no-045-2018-disp-26-02-2018\/","title":{"rendered":"ATO NORMATIVO N\u00ba 045\/2018 &#8211; DISP. 26\/02\/2018"},"content":{"rendered":"<p style=\"text-align: center;\"><strong>ESTADO DO ESP\u00cdRITO SANTO<\/strong><\/p>\n<p style=\"text-align: center;\"><strong>PODER JUDICI\u00c1RIO<\/strong><\/p>\n<p style=\"text-align: center;\"><strong>TRIBUNAL DE JUSTI\u00c7A<\/strong><\/p>\n<p style=\"text-align: center;\"><strong>PRESID\u00caNCIA<\/strong><\/p>\n<p style=\"text-align: center;\"><strong>ATO NORMATIVO N\u00ba 045\/2018<\/strong><\/p>\n<p style=\"text-align: justify;\"><em>Institui e convoca Equipe de Trabalho para atuar na Pauta Concentrada promovida pelo 7\u00ba Centro Judici\u00e1rio de Solu\u00e7\u00e3o de Conflitos e Cidadania \u2013 CEJUSC &#8211; Cariacica.<\/em><\/p>\n<p style=\"text-align: justify;\">O Excelent\u00edssimo Senhor Desembargador S\u00c9RGIO LUIZ TEIXEIRA GAMA, Presidente do Egr\u00e9gio Tribunal de Justi\u00e7a do Estado do Esp\u00edrito Santo, no uso de suas atribui\u00e7\u00f5es legais e,<\/p>\n<p style=\"text-align: justify;\"><strong>CONSIDERANDO<\/strong> o disposto no artigo 58, da Resolu\u00e7\u00e3o n\u00ba. 15\/95 (Regimento Interno do Tribunal de Justi\u00e7a do Estado do Esp\u00edrito Santo) que atribui ao Presidente compet\u00eancia geral para exercer a superintend\u00eancia de todo o servi\u00e7o judici\u00e1rio, na qualidade de Chefe da Magistratura do Estado;<\/p>\n<p style=\"text-align: justify;\"><strong>CONSIDERANDO<\/strong> a vig\u00eancia do Novo C\u00f3digo de Processo Civil (Lei 13.105\/2015), da Lei da Media\u00e7\u00e3o (Lei 13.140\/2015) e a <a href=\"https:\/\/www.tjes.jus.br\/corregedoria\/2016\/09\/14\/resolucao-cnj-no-125-de-29112010\/\" target=\"_blank\" rel=\"noopener\">Resolu\u00e7\u00e3o 125\/2010, do Conselho Nacional de Justi\u00e7a \u2013 CNJ<\/a>, que instituiu a Pol\u00edtica de Tratamento Adequado de Resolu\u00e7\u00e3o de Conflitos;<\/p>\n<p style=\"text-align: justify;\"><strong>CONSIDERANDO<\/strong> a necessidade de coordenar, conduzir e supervisionar a realiza\u00e7\u00e3o das Sess\u00f5es de Media\u00e7\u00e3o Judicial.<\/p>\n<p style=\"text-align: justify;\"><strong>RESOLVE<\/strong>:<\/p>\n<p style=\"text-align: justify;\"><strong>Art. 1\u00ba <\/strong>&#8211; Instituir e convocar Equipe de Trabalho para a realiza\u00e7\u00e3o de pauta concentrada que ser\u00e1 realizada no 7\u00ba Centro Judici\u00e1rio de Solu\u00e7\u00e3o de Conflitos e Cidadania \u2013 Cariacica, no per\u00edodo de 26\/02\/18 a 02\/03\/18, no hor\u00e1rio das 8h \u00e0s 19h.<\/p>\n<table style=\"border-color: #000000;\" border=\"1\">\n<tbody>\n<tr>\n<td style=\"border-color: #000000; text-align: center;\" scope=\"row\" width=\"275\">IZABELLA DALLA SILY CASAGRANDE<\/td>\n<td style=\"border-color: #000000; text-align: center;\" scope=\"row\" width=\"300\">COORDENADORA\/MEDIADORA JUDICIAL<\/td>\n<\/tr>\n<tr>\n<td style=\"border-color: #000000; text-align: center;\" scope=\"row\" width=\"275\">KATIA REGINA MANGABEIRA PINTO<\/td>\n<td style=\"border-color: #000000; text-align: center;\" scope=\"row\" width=\"300\">MEDIADORA JUDICIAL<\/td>\n<\/tr>\n<tr>\n<td style=\"border-color: #000000; text-align: center;\" scope=\"row\" width=\"275\">JAKLANE DE SOUZA ALMEIDA<\/td>\n<td style=\"border-color: #000000; text-align: center;\" scope=\"row\" width=\"300\">INSTRUTORA DE MEDIA\u00c7\u00c3O JUDICIAL EM FORMA\u00c7\u00c3O PELO CNJ<\/td>\n<\/tr>\n<tr>\n<td style=\"border-color: #000000; text-align: center;\" scope=\"row\" width=\"275\">LUCIANA DA LUZ FERNANDES<\/td>\n<td style=\"border-color: #000000; text-align: center;\" scope=\"row\" width=\"300\">MEDIADORA JUDICIAL<\/td>\n<\/tr>\n<tr>\n<td style=\"border-color: #000000; text-align: center;\" scope=\"row\" width=\"275\">MARCIA CRISTINA DE GODOYS MONTEIRO<\/td>\n<td style=\"border-color: #000000; text-align: center;\" scope=\"row\" width=\"300\">INSTRUTORA DE MEDIA\u00c7\u00c3O JUDICIAL EM FORMA\u00c7\u00c3O PELO CNJ<\/td>\n<\/tr>\n<tr>\n<td style=\"border-color: #000000; text-align: center;\" scope=\"row\" width=\"275\">MARIA NERLY ZANELLATO ACERBI<\/td>\n<td style=\"border-color: #000000; text-align: center;\" scope=\"row\" width=\"300\">MEDIADORA JUDICIAL EM FORMA\u00c7\u00c3O<\/td>\n<\/tr>\n<tr>\n<td style=\"border-color: #000000; text-align: center;\" scope=\"row\" width=\"275\">PRISCILLA TOSCANO LUPPI<\/td>\n<td style=\"border-color: #000000; text-align: center;\" scope=\"row\" width=\"300\">MEDIADORA JUDICIAL<\/td>\n<\/tr>\n<tr>\n<td style=\"border-color: #000000; text-align: center;\" scope=\"row\" width=\"275\">REGINALDO LUBE<\/td>\n<td style=\"border-color: #000000; text-align: center;\" scope=\"row\" width=\"300\">ANALISTA JUDICI\u00c1RIO STI<\/td>\n<\/tr>\n<tr>\n<td style=\"border-color: #000000; text-align: center;\" scope=\"row\" width=\"275\">TANIA MARCIA FURTADO GUIMAR\u00c3ES<\/td>\n<td style=\"border-color: #000000; text-align: center;\" scope=\"row\" width=\"300\">MEDIADORA JUDICIAL<\/td>\n<\/tr>\n<\/tbody>\n<\/table>\n<p style=\"text-align: justify;\"><strong>Art. 2\u00ba <\/strong>\u2013 A equipe de Trabalho promover\u00e1 os atos executivos necess\u00e1rios \u00e0 realiza\u00e7\u00e3o das Sess\u00f5es de Media\u00e7\u00e3o, devendo cumprir o C\u00f3digo de \u00c9tica dos Mediadores Judiciais, estabelecido pela <a href=\"https:\/\/www.tjes.jus.br\/corregedoria\/2016\/09\/14\/resolucao-cnj-no-125-de-29112010\/\" target=\"_blank\" rel=\"noopener\">Resolu\u00e7\u00e3o n\u00ba 125\/10, do Conselho Nacional de Justi\u00e7a<\/a>, ficando respons\u00e1veis pela supervis\u00e3o e\/ou condu\u00e7\u00e3o das media\u00e7\u00f5es realizadas pelos mediadores em forma\u00e7\u00e3o, realizando a parte pr\u00e1tica do curso de Media\u00e7\u00e3o Judicial.<\/p>\n<p style=\"text-align: justify;\"><strong>Art. 3\u00ba <\/strong>\u2013 O NUPEMEC encaminhar\u00e1 \u00e0 Secretaria de Gest\u00e3o de Pessoas, no prazo de 10 (dez) dias ap\u00f3s a realiza\u00e7\u00e3o do evento, informa\u00e7\u00f5es com rela\u00e7\u00e3o \u00e0s horas trabalhadas al\u00e9m do expediente normal, para anota\u00e7\u00e3o em ficha funcional e futura compensa\u00e7\u00e3o.<\/p>\n<p style=\"text-align: justify;\"><strong>Art. 4\u00ba <\/strong>\u2013 Os servidores efetivos constantes desta Equipe de Trabalho ter\u00e3o reconhecida, para fins de promo\u00e7\u00e3o na carreira, a pontua\u00e7\u00e3o equivalente \u00e0 participa\u00e7\u00e3o em Equipe Especial de Trabalho, conforme disposto no Ato Normativo n\u00ba 2773\/2012.<\/p>\n<p style=\"text-align: justify;\"><strong>Art. 5\u00ba <\/strong>&#8211; Este Ato Normativo entra em vigor na data de sua publica\u00e7\u00e3o.<\/p>\n<p style=\"text-align: justify;\">Vit\u00f3ria, 23 de fevereiro de 2018.<\/p>\n<p style=\"text-align: center;\"><strong>Des. S\u00c9RGIO LUIZ TEIXEIRA GAMA<br \/>\nPresidente <\/strong><\/p>\n","protected":false},"excerpt":{"rendered":"<p>ESTADO DO ESP\u00cdRITO SANTO PODER JUDICI\u00c1RIO TRIBUNAL DE JUSTI\u00c7A PRESID\u00caNCIA ATO NORMATIVO N\u00ba 045\/2018 Institui e convoca Equipe de Trabalho para atuar na Pauta Concentrada promovida pelo 7\u00ba Centro Judici\u00e1rio de Solu\u00e7\u00e3o de Conflitos e Cidadania \u2013 CEJUSC &#8211; Cariacica. O Excelent\u00edssimo Senhor Desembargador S\u00c9RGIO LUIZ TEIXEIRA GAMA, Presidente do Egr\u00e9gio Tribunal de Justi\u00e7a do [&hellip;]<\/p>\n","protected":false},"author":3,"featured_media":0,"comment_status":"open","ping_status":"open","sticky":false,"template":"","format":"standard","meta":{"footnotes":""},"categories":[4],"tags":[],"_links":{"self":[{"href":"https:\/\/www.tjes.jus.br\/corregedoria\/wp-json\/wp\/v2\/posts\/22926"}],"collection":[{"href":"https:\/\/www.tjes.jus.br\/corregedoria\/wp-json\/wp\/v2\/posts"}],"about":[{"href":"https:\/\/www.tjes.jus.br\/corregedoria\/wp-json\/wp\/v2\/types\/post"}],"author":[{"embeddable":true,"href":"https:\/\/www.tjes.jus.br\/corregedoria\/wp-json\/wp\/v2\/users\/3"}],"replies":[{"embeddable":true,"href":"https:\/\/www.tjes.jus.br\/corregedoria\/wp-json\/wp\/v2\/comments?post=22926"}],"version-history":[{"count":1,"href":"https:\/\/www.tjes.jus.br\/corregedoria\/wp-json\/wp\/v2\/posts\/22926\/revisions"}],"predecessor-version":[{"id":22927,"href":"https:\/\/www.tjes.jus.br\/corregedoria\/wp-json\/wp\/v2\/posts\/22926\/revisions\/22927"}],"wp:attachment":[{"href":"https:\/\/www.tjes.jus.br\/corregedoria\/wp-json\/wp\/v2\/media?parent=22926"}],"wp:term":[{"taxonomy":"category","embeddable":true,"href":"https:\/\/www.tjes.jus.br\/corregedoria\/wp-json\/wp\/v2\/categories?post=22926"},{"taxonomy":"post_tag","embeddable":true,"href":"https:\/\/www.tjes.jus.br\/corregedoria\/wp-json\/wp\/v2\/tags?post=22926"}],"curies":[{"name":"wp","href":"https:\/\/api.w.org\/{rel}","templated":true}]}}