{"id":23007,"date":"2018-03-01T14:18:35","date_gmt":"2018-03-01T17:18:35","guid":{"rendered":"https:\/\/www.tjes.jus.br\/corregedoria\/?p=23007"},"modified":"2018-03-01T14:18:35","modified_gmt":"2018-03-01T17:18:35","slug":"oficio-circular-cgjes-no-02-2016-disp-27-01-2016","status":"publish","type":"post","link":"https:\/\/www.tjes.jus.br\/corregedoria\/2018\/03\/01\/oficio-circular-cgjes-no-02-2016-disp-27-01-2016\/","title":{"rendered":"OF\u00cdCIO CIRCULAR CGJES N\u00ba 02\/2016 &#8211; DISP. 27\/01\/2016"},"content":{"rendered":"<p style=\"text-align: center;\"><strong>ESTADO DO ESP\u00cdRITO SANTO<\/strong><\/p>\n<p style=\"text-align: center;\"><strong>PODER JUDICI\u00c1RIO<\/strong><\/p>\n<p style=\"text-align: center;\"><strong>CORREGEDORIA GERAL DA JUSTI\u00c7A<\/strong><\/p>\n<p style=\"text-align: center;\"><strong>OF\u00cdCIO CIRCULAR CGJES N\u00ba 02\/2016<\/strong><\/p>\n<p style=\"text-align: justify;\">O Exmo. Sr. Desembargador Ronaldo Gon\u00e7alves de Sousa, Corregedor-Geral da Justi\u00e7a do Estado do Esp\u00edrito Santo, no uso de suas atribui\u00e7\u00f5es legais:<\/p>\n<p style=\"text-align: justify;\"><strong>CONSIDERANDO<\/strong> que a Corregedoria Geral da Justi\u00e7a \u00e9 \u00f3rg\u00e3o de fiscaliza\u00e7\u00e3o, disciplina e orienta\u00e7\u00e3o administrativa, com jurisdi\u00e7\u00e3o em todo o Estado do Espirito Santo, nos termos do art. 35, caput, da Lei Complementar Estadual n\u00ba 234\/02;<\/p>\n<p style=\"text-align: justify;\"><strong>CONSIDERANDO<\/strong> o disposto no art. 4\u00ba, II do <a href=\"https:\/\/www.tjes.jus.br\/corregedoria\/2016\/11\/03\/provimento-cnj-no-362014-disp-em-05052014\/\" target=\"_blank\" rel=\"noopener\">Provimento n\u00ba 36\/2014<\/a>, do Colendo Conselho Nacional da Justi\u00e7a, que determina que \u201c<em>os magistrados com compet\u00eancia em mat\u00e9ria de inf\u00e2ncia e juventude dever\u00e3o, at\u00e9 o dia 10 de fevereiro de cada ano, efetuar o preenchimento do &#8216;Question\u00e1rio Eletr\u00f4nico&#8217; referente \u00e0 estrutura da vara da inf\u00e2ncia e juventude em implanta\u00e7\u00e3o no sistema Justi\u00e7a Aberta Judicial do CNJ<\/em>\u201d;<\/p>\n<p style=\"text-align: justify;\"><strong>CONSIDERANDO<\/strong>, ainda, os termos do Of\u00edcio Circular n\u00ba 011\/CNJ\/COR\/2014, datado de 21 de agosto de 2014, que comunicou que o mencionado question\u00e1rio j\u00e1 estava dispon\u00edvel para preenchimento anual e poderia ser acessado no &#8220;quinto passo&#8221; do sistema Justi\u00e7a Aberta;<\/p>\n<p style=\"text-align: justify;\"><strong>CONSIDERANDO<\/strong>, por fim, que o prazo para preenchimento do referido &#8220;Question\u00e1rio Eletr\u00f4nico&#8221; da estrutura das Varas Inf\u00e2ncia e Juventude expirar\u00e1 no dia 10 de fevereiro de 2016.<\/p>\n<p style=\"text-align: justify;\"><strong>RESOLVE<\/strong>:<\/p>\n<p style=\"text-align: justify;\"><strong>Art. 1\u00ba <\/strong>&#8211; <strong>DETERMINAR<\/strong> aos MM. Ju\u00edzes de Direito com compet\u00eancia em Inf\u00e2ncia e Juventude que observem o prazo estipulado pelo Colendo Conselho Nacional da Justi\u00e7a e efetuem o preenchimento do &#8220;Question\u00e1rio Eletr\u00f4nico&#8221; das Varas Inf\u00e2ncia e Juventude, impreterivelmente, at\u00e9 o dia 10 de fevereiro de 2016.<\/p>\n<p style=\"text-align: justify;\"><strong>Publique-se. Cumpra-se.<\/strong><\/p>\n<p style=\"text-align: justify;\">Vit\u00f3ria\/ES, 22 de janeiro de 2016.<\/p>\n<p style=\"text-align: center;\"><strong>DES. RONALDO GON\u00c7ALVES DE SOUSA<br \/>\nCorregedor-Geral da Justi\u00e7a<\/strong><\/p>\n","protected":false},"excerpt":{"rendered":"<p>ESTADO DO ESP\u00cdRITO SANTO PODER JUDICI\u00c1RIO CORREGEDORIA GERAL DA JUSTI\u00c7A OF\u00cdCIO CIRCULAR CGJES N\u00ba 02\/2016 O Exmo. Sr. Desembargador Ronaldo Gon\u00e7alves de Sousa, Corregedor-Geral da Justi\u00e7a do Estado do Esp\u00edrito Santo, no uso de suas atribui\u00e7\u00f5es legais: CONSIDERANDO que a Corregedoria Geral da Justi\u00e7a \u00e9 \u00f3rg\u00e3o de fiscaliza\u00e7\u00e3o, disciplina e orienta\u00e7\u00e3o administrativa, com jurisdi\u00e7\u00e3o em [&hellip;]<\/p>\n","protected":false},"author":3,"featured_media":0,"comment_status":"open","ping_status":"open","sticky":false,"template":"","format":"standard","meta":{"footnotes":""},"categories":[5],"tags":[],"_links":{"self":[{"href":"https:\/\/www.tjes.jus.br\/corregedoria\/wp-json\/wp\/v2\/posts\/23007"}],"collection":[{"href":"https:\/\/www.tjes.jus.br\/corregedoria\/wp-json\/wp\/v2\/posts"}],"about":[{"href":"https:\/\/www.tjes.jus.br\/corregedoria\/wp-json\/wp\/v2\/types\/post"}],"author":[{"embeddable":true,"href":"https:\/\/www.tjes.jus.br\/corregedoria\/wp-json\/wp\/v2\/users\/3"}],"replies":[{"embeddable":true,"href":"https:\/\/www.tjes.jus.br\/corregedoria\/wp-json\/wp\/v2\/comments?post=23007"}],"version-history":[{"count":1,"href":"https:\/\/www.tjes.jus.br\/corregedoria\/wp-json\/wp\/v2\/posts\/23007\/revisions"}],"predecessor-version":[{"id":23008,"href":"https:\/\/www.tjes.jus.br\/corregedoria\/wp-json\/wp\/v2\/posts\/23007\/revisions\/23008"}],"wp:attachment":[{"href":"https:\/\/www.tjes.jus.br\/corregedoria\/wp-json\/wp\/v2\/media?parent=23007"}],"wp:term":[{"taxonomy":"category","embeddable":true,"href":"https:\/\/www.tjes.jus.br\/corregedoria\/wp-json\/wp\/v2\/categories?post=23007"},{"taxonomy":"post_tag","embeddable":true,"href":"https:\/\/www.tjes.jus.br\/corregedoria\/wp-json\/wp\/v2\/tags?post=23007"}],"curies":[{"name":"wp","href":"https:\/\/api.w.org\/{rel}","templated":true}]}}