{"id":23033,"date":"2018-03-01T16:46:35","date_gmt":"2018-03-01T19:46:35","guid":{"rendered":"https:\/\/www.tjes.jus.br\/corregedoria\/?p=23033"},"modified":"2018-03-01T16:46:35","modified_gmt":"2018-03-01T19:46:35","slug":"oficio-circular-cgjes-no-17-2016-disp-06-05-2016","status":"publish","type":"post","link":"https:\/\/www.tjes.jus.br\/corregedoria\/2018\/03\/01\/oficio-circular-cgjes-no-17-2016-disp-06-05-2016\/","title":{"rendered":"OF\u00cdCIO CIRCULAR CGJES N\u00ba 17\/2016 &#8211; DISP. 06\/05\/2016"},"content":{"rendered":"<p style=\"text-align: center;\"><strong>ESTADO DO ESP\u00cdRITO SANTO<\/strong><\/p>\n<p style=\"text-align: center;\"><strong>Poder Judici\u00e1rio<\/strong><\/p>\n<p style=\"text-align: center;\"><strong>Corregedoria Geral da Justi\u00e7a<\/strong><\/p>\n<p style=\"text-align: center;\"><strong>OF\u00cdCIO CIRCULAR CGJES N.\u00ba 17\/2016<\/strong><\/p>\n<p style=\"text-align: justify;\">(<em>Proc. CGJES n.\u00ba 201600384667<\/em>)<\/p>\n<p style=\"text-align: justify;\">O Desembargador <strong>RONALDO GON\u00c7ALVES DE SOUSA<\/strong>, Corregedor-Geral da Justi\u00e7a, no uso de suas atribui\u00e7\u00f5es e,<\/p>\n<p style=\"text-align: justify;\"><strong>CONSIDERANDO<\/strong> que a Corregedoria Geral da Justi\u00e7a \u00e9 \u00f3rg\u00e3o de fiscaliza\u00e7\u00e3o, disciplina e orienta\u00e7\u00e3o administrativa, com jurisdi\u00e7\u00e3o em todo o Estado, conforme art. 35 da Lei Complementar Estadual n.\u00ba 234\/2002 (COJES) e art. 37 da Lei Federal n.\u00ba 8.935\/94 (Lei dos Not\u00e1rios e Registradores).<\/p>\n<p style=\"text-align: justify;\"><strong>CONSIDERANDO <\/strong>os termos do DESPACHO\/OF\u00cdCO GAB N\u00ba 346\/2016, no qual foram avocados todos os autos e representa\u00e7\u00f5es, reclama\u00e7\u00f5es, investiga\u00e7\u00f5es preliminares, sindic\u00e2ncias, procedimentos administrativos disciplinares e inqu\u00e9ritos administrativos em tr\u00e2mite nas Comarcas e Ju\u00edzos do Estado, em desfavor de Oficiais de justi\u00e7a, relativamente a eventual descumprimento de mandados judiciais, em desacordo com decis\u00e3o proferida pela Des. Elisabeth Lordes, nos autos da a\u00e7\u00e3o declarat\u00f3ria n\u00ba 0025910-11.2015.8.08.0000, os quais dever\u00e3o ser remetidos imediatamente a esta Corregedoria Geral de Justi\u00e7a, mesmo os que n\u00e3o constem nas rela\u00e7\u00f5es destes autos.<\/p>\n<p style=\"text-align: justify;\"><strong>ESCLARECE <\/strong>e<strong> DETERMINA<\/strong> que devem ser remetidos \u2013 IMEDIATAMENTE &#8211; \u00e0 CGJES os expedientes referidos no DESPACHO\/OF\u00cdCO GAB N\u00ba 346\/2016, <strong>INCLUSIVE <\/strong>aqueles que porventura se encontrem j\u00e1 decididos e\/ou arquivados.<\/p>\n<p style=\"text-align: justify;\">Outrossim, <strong>ESCLARECE<\/strong> ainda que os d. Magistrados que ainda n\u00e3o responderam em virtude de eventualmente n\u00e3o terem expedientes sobre o tema, assim informem IMEDIATAMENTE como forma de dar a devida instru\u00e7\u00e3o aos autos em tr\u00e2mite neste \u00f3rg\u00e3o censor.<\/p>\n<p style=\"text-align: justify;\"><strong>Determino<\/strong> que a Chefia de Gabinete da CGJES expe\u00e7a o presente Of\u00edcio Circular, via malote digital, a todos os MM. Ju\u00edzes de Direito Diretores de Foro das Comarcas do Estado do Esp\u00edrito Santo com a urg\u00eancia que o caso requer.<\/p>\n<p style=\"text-align: justify;\"><strong>Publique-se.<\/strong><\/p>\n<p style=\"text-align: justify;\">Vit\u00f3ria (ES), 05 de maio de 2016.<\/p>\n<p style=\"text-align: center;\"><strong>Desembargador RONALDO GON\u00c7ALVES DE SOUSA<br \/>\nCorregedor-Geral da Justi\u00e7a do Estado do Esp\u00edrito Santo<\/strong><\/p>\n","protected":false},"excerpt":{"rendered":"<p>ESTADO DO ESP\u00cdRITO SANTO Poder Judici\u00e1rio Corregedoria Geral da Justi\u00e7a OF\u00cdCIO CIRCULAR CGJES N.\u00ba 17\/2016 (Proc. CGJES n.\u00ba 201600384667) O Desembargador RONALDO GON\u00c7ALVES DE SOUSA, Corregedor-Geral da Justi\u00e7a, no uso de suas atribui\u00e7\u00f5es e, CONSIDERANDO que a Corregedoria Geral da Justi\u00e7a \u00e9 \u00f3rg\u00e3o de fiscaliza\u00e7\u00e3o, disciplina e orienta\u00e7\u00e3o administrativa, com jurisdi\u00e7\u00e3o em todo o Estado, [&hellip;]<\/p>\n","protected":false},"author":3,"featured_media":0,"comment_status":"open","ping_status":"open","sticky":false,"template":"","format":"standard","meta":{"footnotes":""},"categories":[5],"tags":[],"_links":{"self":[{"href":"https:\/\/www.tjes.jus.br\/corregedoria\/wp-json\/wp\/v2\/posts\/23033"}],"collection":[{"href":"https:\/\/www.tjes.jus.br\/corregedoria\/wp-json\/wp\/v2\/posts"}],"about":[{"href":"https:\/\/www.tjes.jus.br\/corregedoria\/wp-json\/wp\/v2\/types\/post"}],"author":[{"embeddable":true,"href":"https:\/\/www.tjes.jus.br\/corregedoria\/wp-json\/wp\/v2\/users\/3"}],"replies":[{"embeddable":true,"href":"https:\/\/www.tjes.jus.br\/corregedoria\/wp-json\/wp\/v2\/comments?post=23033"}],"version-history":[{"count":1,"href":"https:\/\/www.tjes.jus.br\/corregedoria\/wp-json\/wp\/v2\/posts\/23033\/revisions"}],"predecessor-version":[{"id":23034,"href":"https:\/\/www.tjes.jus.br\/corregedoria\/wp-json\/wp\/v2\/posts\/23033\/revisions\/23034"}],"wp:attachment":[{"href":"https:\/\/www.tjes.jus.br\/corregedoria\/wp-json\/wp\/v2\/media?parent=23033"}],"wp:term":[{"taxonomy":"category","embeddable":true,"href":"https:\/\/www.tjes.jus.br\/corregedoria\/wp-json\/wp\/v2\/categories?post=23033"},{"taxonomy":"post_tag","embeddable":true,"href":"https:\/\/www.tjes.jus.br\/corregedoria\/wp-json\/wp\/v2\/tags?post=23033"}],"curies":[{"name":"wp","href":"https:\/\/api.w.org\/{rel}","templated":true}]}}