{"id":23038,"date":"2018-03-01T17:00:32","date_gmt":"2018-03-01T20:00:32","guid":{"rendered":"https:\/\/www.tjes.jus.br\/corregedoria\/?p=23038"},"modified":"2018-03-01T17:00:32","modified_gmt":"2018-03-01T20:00:32","slug":"oficio-circular-no-18-2016-disp-11-05-2016","status":"publish","type":"post","link":"https:\/\/www.tjes.jus.br\/corregedoria\/2018\/03\/01\/oficio-circular-no-18-2016-disp-11-05-2016\/","title":{"rendered":"OF\u00cdCIO-CIRCULAR N\u00ba 18\/2016 &#8211; DISP. 11\/05\/2016"},"content":{"rendered":"<p style=\"text-align: center;\"><strong>ESTADO DO ESP\u00cdRITO SANTO<\/strong><\/p>\n<p style=\"text-align: center;\"><strong>PODER JUDICI\u00c1RIO<\/strong><\/p>\n<p style=\"text-align: center;\"><strong>CORREGEDORIA GERAL DA JUSTI\u00c7A<\/strong><\/p>\n<p style=\"text-align: center;\"><strong>OF\u00cdCIO-CIRCULAR N\u00ba 18\/2016<\/strong><\/p>\n<p style=\"text-align: justify;\"><strong>Protocolo 2016.00.563.648<\/strong><\/p>\n<p style=\"text-align: justify;\">O Exmo. Sr. Desembargador Corregedor-Geral da Justi\u00e7a do Estado do Esp\u00edrito Santo, no uso de suas atribui\u00e7\u00f5es legais:<\/p>\n<p style=\"text-align: justify;\"><strong>CONSIDERANDO<\/strong> o recebimento do Of\u00edcio Circular n\u00ba 018\/2016-DIA,da Corregedoria Geral da Justi\u00e7a do Estado do Rio Grande do Norte\/RN;<\/p>\n<p style=\"text-align: justify;\"><strong>CONSIDERANDO <\/strong>que referido Of\u00edcio Circular informa sobre o EXTRAVIO de Selos do Cart\u00f3rio do 5\u00ba Of\u00edcio de Notas de Mossor\u00f3\/RN.<\/p>\n<table style=\"border-color: #000000;\" border=\"1\">\n<tbody>\n<tr>\n<th style=\"border-color: #000000; text-align: center;\" scope=\"row\" width=\"52%\"><strong>TIPO DE SELO<\/strong><\/th>\n<th style=\"border-color: #000000; text-align: center;\" scope=\"row\" width=\"29%\"><strong>N\u00ba INICIAL<\/strong><\/th>\n<th style=\"border-color: #000000; text-align: center;\" scope=\"row\" width=\"18%\"><strong>N\u00ba FINAL<\/strong><\/th>\n<\/tr>\n<tr>\n<td style=\"border-color: #000000; text-align: justify;\" scope=\"row\" width=\"52%\">RECONHECIMENTO DE FIRMA I<\/td>\n<td style=\"border-color: #000000; text-align: center;\" scope=\"row\" width=\"29%\">AHF032.751<\/td>\n<td style=\"border-color: #000000; text-align: center;\" scope=\"row\" width=\"18%\">AHF034.550<\/td>\n<\/tr>\n<tr>\n<td style=\"border-color: #000000; text-align: justify;\" scope=\"row\" width=\"52%\">REGISTRAL\/NOTARIAL<\/td>\n<td style=\"border-color: #000000; text-align: center;\" scope=\"row\" width=\"29%\">ABU030.851<\/td>\n<td style=\"border-color: #000000; text-align: center;\" scope=\"row\" width=\"18%\">ABU030.950<\/td>\n<\/tr>\n<tr>\n<td style=\"border-color: #000000; text-align: justify;\" scope=\"row\" width=\"52%\">AUTENTICA\u00c7\u00c3O<\/td>\n<td style=\"border-color: #000000; text-align: center;\" scope=\"row\" width=\"29%\">AMP055.701<\/td>\n<td style=\"border-color: #000000; text-align: center;\" scope=\"row\" width=\"18%\">AMP058.400<\/td>\n<\/tr>\n<tr>\n<td style=\"border-color: #000000; text-align: justify;\" scope=\"row\" width=\"52%\">CERTID\u00c3O<\/td>\n<td style=\"border-color: #000000; text-align: center;\" scope=\"row\" width=\"29%\">ABK031.651<\/td>\n<td style=\"border-color: #000000; text-align: center;\" scope=\"row\" width=\"18%\">ABK031750<\/td>\n<\/tr>\n<\/tbody>\n<\/table>\n<p style=\"text-align: justify;\"><strong>RECOMENDO<\/strong> aos Ju\u00edzes de Direito Diretores dos F\u00f3runs, Membros do Minist\u00e9rio P\u00fablico, Advogados, Not\u00e1rios e Registradores, Serventu\u00e1rios e a quem mais possa interessar, que observem o Of\u00edcio Circular supracitado, e adotem as provid\u00eancias que entenderem pertinentes.<\/p>\n<p style=\"text-align: justify;\"><strong>Publique-se. Cumpra-se.<\/strong><\/p>\n<p style=\"text-align: justify;\">Vit\u00f3ria\/ES, 06 de maio de 2016.<\/p>\n<p style=\"text-align: center;\"><strong>DES. RONALDO GON\u00c7ALVES DE SOUSA<br \/>\nCorregedor Geral da Justi\u00e7a<\/strong><\/p>\n","protected":false},"excerpt":{"rendered":"<p>ESTADO DO ESP\u00cdRITO SANTO PODER JUDICI\u00c1RIO CORREGEDORIA GERAL DA JUSTI\u00c7A OF\u00cdCIO-CIRCULAR N\u00ba 18\/2016 Protocolo 2016.00.563.648 O Exmo. Sr. Desembargador Corregedor-Geral da Justi\u00e7a do Estado do Esp\u00edrito Santo, no uso de suas atribui\u00e7\u00f5es legais: CONSIDERANDO o recebimento do Of\u00edcio Circular n\u00ba 018\/2016-DIA,da Corregedoria Geral da Justi\u00e7a do Estado do Rio Grande do Norte\/RN; CONSIDERANDO que referido [&hellip;]<\/p>\n","protected":false},"author":3,"featured_media":0,"comment_status":"open","ping_status":"open","sticky":false,"template":"","format":"standard","meta":{"footnotes":""},"categories":[5],"tags":[],"_links":{"self":[{"href":"https:\/\/www.tjes.jus.br\/corregedoria\/wp-json\/wp\/v2\/posts\/23038"}],"collection":[{"href":"https:\/\/www.tjes.jus.br\/corregedoria\/wp-json\/wp\/v2\/posts"}],"about":[{"href":"https:\/\/www.tjes.jus.br\/corregedoria\/wp-json\/wp\/v2\/types\/post"}],"author":[{"embeddable":true,"href":"https:\/\/www.tjes.jus.br\/corregedoria\/wp-json\/wp\/v2\/users\/3"}],"replies":[{"embeddable":true,"href":"https:\/\/www.tjes.jus.br\/corregedoria\/wp-json\/wp\/v2\/comments?post=23038"}],"version-history":[{"count":1,"href":"https:\/\/www.tjes.jus.br\/corregedoria\/wp-json\/wp\/v2\/posts\/23038\/revisions"}],"predecessor-version":[{"id":23039,"href":"https:\/\/www.tjes.jus.br\/corregedoria\/wp-json\/wp\/v2\/posts\/23038\/revisions\/23039"}],"wp:attachment":[{"href":"https:\/\/www.tjes.jus.br\/corregedoria\/wp-json\/wp\/v2\/media?parent=23038"}],"wp:term":[{"taxonomy":"category","embeddable":true,"href":"https:\/\/www.tjes.jus.br\/corregedoria\/wp-json\/wp\/v2\/categories?post=23038"},{"taxonomy":"post_tag","embeddable":true,"href":"https:\/\/www.tjes.jus.br\/corregedoria\/wp-json\/wp\/v2\/tags?post=23038"}],"curies":[{"name":"wp","href":"https:\/\/api.w.org\/{rel}","templated":true}]}}