{"id":23042,"date":"2018-03-01T17:09:22","date_gmt":"2018-03-01T20:09:22","guid":{"rendered":"https:\/\/www.tjes.jus.br\/corregedoria\/?p=23042"},"modified":"2018-03-01T17:09:22","modified_gmt":"2018-03-01T20:09:22","slug":"oficio-circular-no-020-2016-disp-11-05-2016","status":"publish","type":"post","link":"https:\/\/www.tjes.jus.br\/corregedoria\/2018\/03\/01\/oficio-circular-no-020-2016-disp-11-05-2016\/","title":{"rendered":"OF\u00cdCIO-CIRCULAR N\u00ba 020\/2016 &#8211; DISP. 11\/05\/2016"},"content":{"rendered":"<p style=\"text-align: center;\"><strong>ESTADO DO ESP\u00cdRITO SANTO<\/strong><\/p>\n<p style=\"text-align: center;\"><strong>PODER JUDICI\u00c1RIO<\/strong><\/p>\n<p style=\"text-align: center;\"><strong>CORREGEDORIA GERAL DA JUSTI\u00c7A<\/strong><\/p>\n<p style=\"text-align: center;\"><strong>OF\u00cdCIO-CIRCULAR N\u00ba 020\/2016<\/strong><\/p>\n<p style=\"text-align: justify;\"><strong>Protocolo 201600606026<\/strong><\/p>\n<p style=\"text-align: justify;\">O Desembargador Corregedor-Geral da Justi\u00e7a do Estado do Esp\u00edrito Santo, no uso de suas atribui\u00e7\u00f5es legais:<\/p>\n<p style=\"text-align: justify;\"><strong>CONSIDERANDO<\/strong> o recebimento dos comunicados protocolizados nesta Corregedoria sob o n\u00ba <strong>201600606026<\/strong>, da Corregedoria Geral da Justi\u00e7a do Estado de S\u00e3o Paulo\/SP;<\/p>\n<p style=\"text-align: justify;\"><strong>CONSIDERANDO <\/strong>que os referidos comunicados informam sobre a falsifica\u00e7\u00e3o de reconhecimento de firma, certid\u00e3o de casamento e de escritura de declara\u00e7\u00e3o, conforme consta em anexo.<\/p>\n<p style=\"text-align: justify;\"><strong>RECOMENDA<\/strong> aos Ju\u00edzes de Direito Diretores dos F\u00f3runs, Membros do Minist\u00e9rio P\u00fablico, Advogados, Not\u00e1rios e Registradores, Serventu\u00e1rios e a quem mais possa interessar, que observem os comunicados em anexo, e adotem as provid\u00eancias que entenderem pertinentes.<\/p>\n<p style=\"text-align: justify;\"><strong>Publique-se. Cumpra-se.<\/strong><\/p>\n<p style=\"text-align: justify;\">Vit\u00f3ria\/ES, 06 de maio de 2016.<\/p>\n<p style=\"text-align: center;\"><strong>DES. RONALDO GON\u00c7ALVES DE SOUSA<br \/>\nCorregedor Geral da Justi\u00e7a<\/strong><\/p>\n<p style=\"text-align: center;\"><strong><a href=\"https:\/\/www.tjes.jus.br\/corregedoria\/wp-content\/uploads\/2018\/03\/Oficio_Circular_20-2016_Anexo.pdf\">PARA VISUALIZAR O ANEXO, CLIQUE AQUI<\/a><\/strong><\/p>\n","protected":false},"excerpt":{"rendered":"<p>ESTADO DO ESP\u00cdRITO SANTO PODER JUDICI\u00c1RIO CORREGEDORIA GERAL DA JUSTI\u00c7A OF\u00cdCIO-CIRCULAR N\u00ba 020\/2016 Protocolo 201600606026 O Desembargador Corregedor-Geral da Justi\u00e7a do Estado do Esp\u00edrito Santo, no uso de suas atribui\u00e7\u00f5es legais: CONSIDERANDO o recebimento dos comunicados protocolizados nesta Corregedoria sob o n\u00ba 201600606026, da Corregedoria Geral da Justi\u00e7a do Estado de S\u00e3o Paulo\/SP; CONSIDERANDO que [&hellip;]<\/p>\n","protected":false},"author":3,"featured_media":0,"comment_status":"open","ping_status":"open","sticky":false,"template":"","format":"standard","meta":{"footnotes":""},"categories":[5],"tags":[],"_links":{"self":[{"href":"https:\/\/www.tjes.jus.br\/corregedoria\/wp-json\/wp\/v2\/posts\/23042"}],"collection":[{"href":"https:\/\/www.tjes.jus.br\/corregedoria\/wp-json\/wp\/v2\/posts"}],"about":[{"href":"https:\/\/www.tjes.jus.br\/corregedoria\/wp-json\/wp\/v2\/types\/post"}],"author":[{"embeddable":true,"href":"https:\/\/www.tjes.jus.br\/corregedoria\/wp-json\/wp\/v2\/users\/3"}],"replies":[{"embeddable":true,"href":"https:\/\/www.tjes.jus.br\/corregedoria\/wp-json\/wp\/v2\/comments?post=23042"}],"version-history":[{"count":1,"href":"https:\/\/www.tjes.jus.br\/corregedoria\/wp-json\/wp\/v2\/posts\/23042\/revisions"}],"predecessor-version":[{"id":23044,"href":"https:\/\/www.tjes.jus.br\/corregedoria\/wp-json\/wp\/v2\/posts\/23042\/revisions\/23044"}],"wp:attachment":[{"href":"https:\/\/www.tjes.jus.br\/corregedoria\/wp-json\/wp\/v2\/media?parent=23042"}],"wp:term":[{"taxonomy":"category","embeddable":true,"href":"https:\/\/www.tjes.jus.br\/corregedoria\/wp-json\/wp\/v2\/categories?post=23042"},{"taxonomy":"post_tag","embeddable":true,"href":"https:\/\/www.tjes.jus.br\/corregedoria\/wp-json\/wp\/v2\/tags?post=23042"}],"curies":[{"name":"wp","href":"https:\/\/api.w.org\/{rel}","templated":true}]}}