{"id":23091,"date":"2018-03-02T15:44:56","date_gmt":"2018-03-02T18:44:56","guid":{"rendered":"https:\/\/www.tjes.jus.br\/corregedoria\/?p=23091"},"modified":"2018-03-02T15:44:56","modified_gmt":"2018-03-02T18:44:56","slug":"oficio-circular-no-42-2016-disp-25-07-2016","status":"publish","type":"post","link":"https:\/\/www.tjes.jus.br\/corregedoria\/2018\/03\/02\/oficio-circular-no-42-2016-disp-25-07-2016\/","title":{"rendered":"OF\u00cdCIO-CIRCULAR N\u00ba 42\/2016 &#8211; DISP. 25\/07\/2016"},"content":{"rendered":"<p style=\"text-align: center;\"><strong>ESTADO DO ESP\u00cdRITO SANTO<\/strong><\/p>\n<p style=\"text-align: center;\"><strong>PODER JUDICI\u00c1RIO<\/strong><\/p>\n<p style=\"text-align: center;\"><strong>CORREGEDORIA GERAL DA JUSTI\u00c7A<\/strong><\/p>\n<p style=\"text-align: center;\"><strong>OF\u00cdCIO-CIRCULAR N\u00ba 042\/2016<\/strong><\/p>\n<p style=\"text-align: justify;\">Vit\u00f3ria\/ES, 10 de junho de 2016.<\/p>\n<p style=\"text-align: justify;\">Aos MM. Ju\u00edzes de Direito do Estado do Esp\u00edrito Santo.<\/p>\n<p style=\"text-align: justify;\">O Exmo. Sr. Desembargador Corregedor-Geral da Justi\u00e7a do Estado do Esp\u00edrito Santo, no uso de suas atribui\u00e7\u00f5es legais, e:<\/p>\n<p style=\"text-align: justify;\"><strong>CONSIDERANDO<\/strong> ser a Corregedoria Geral da Justi\u00e7a \u00f3rg\u00e3o de fiscaliza\u00e7\u00e3o, disciplina e orienta\u00e7\u00e3o administrativa com jurisdi\u00e7\u00e3o em todo o Estado, conforme art. 35 da Lei Complementar Estadual n\u00ba 234\/02;<\/p>\n<p style=\"text-align: justify;\"><strong>CONSIDERANDO<\/strong> a informa\u00e7\u00e3o prestada pela SUSEP &#8211; Superintend\u00eancia de Seguros Privados, de que foi decretada a liquida\u00e7\u00e3o extrajudicial da CONFIAN\u00c7A CIA DE SEGUROS, inscrita no CNPJ sob o n\u00ba 33.054.883\/0001-71 e;<\/p>\n<p style=\"text-align: justify;\"><strong>CONSIDERANDO<\/strong> a solicita\u00e7\u00e3o formulada pela SUSEP nos autos do processo n\u00ba 2015.01.425.389 de que seja &#8220;<em>reiterada a informa\u00e7\u00e3o sobre a liquida\u00e7\u00e3o extrajudicial da CONFIAN\u00c7A COMPANHIA DE SEGUROS e a extrema necessidade de n\u00e3o admitir, em nenhuma hip\u00f3tese, o acolhimento de peti\u00e7\u00f5es que busquem impor vantagens a determinados credores em detrimento dos demais, a todas as \u00e1reas sob a jurisdi\u00e7\u00e3o desta Egr\u00e9gia Corregedoria Geral da Justi\u00e7a<\/em>.&#8221;<\/p>\n<p style=\"text-align: justify;\"><strong>RESOLVE<\/strong>:<\/p>\n<p style=\"text-align: justify;\"><strong>COMUNICAR<\/strong> a todos os MM. Ju\u00edzes de Direito do Estado do Espirito Santo que a SUSEP &#8211; Superintend\u00eancia de Seguros Privados decretou a liquida\u00e7\u00e3o extrajudicial da CONFIAN\u00c7A CIA DE SEGUROS, inscrita no CNPJ sob o n\u00ba 33.054.883\/0001-71, cabendo a cada magistrado avaliar, no \u00e2mbito jurisdicional de cada feito, o provimento cab\u00edvel.<\/p>\n<p style=\"text-align: justify;\"><strong>Publique-se. Cumpra-se.<\/strong><\/p>\n<p style=\"text-align: justify;\">Vit\u00f3ria, 10 de junho de 2016.<\/p>\n<p style=\"text-align: center;\"><strong>Desembargador RONALDO GON\u00c7ALVES DE SOUSA<br \/>\nCorregedor Geral da Justi\u00e7a<\/strong><\/p>\n","protected":false},"excerpt":{"rendered":"<p>ESTADO DO ESP\u00cdRITO SANTO PODER JUDICI\u00c1RIO CORREGEDORIA GERAL DA JUSTI\u00c7A OF\u00cdCIO-CIRCULAR N\u00ba 042\/2016 Vit\u00f3ria\/ES, 10 de junho de 2016. Aos MM. Ju\u00edzes de Direito do Estado do Esp\u00edrito Santo. O Exmo. Sr. Desembargador Corregedor-Geral da Justi\u00e7a do Estado do Esp\u00edrito Santo, no uso de suas atribui\u00e7\u00f5es legais, e: CONSIDERANDO ser a Corregedoria Geral da Justi\u00e7a [&hellip;]<\/p>\n","protected":false},"author":3,"featured_media":0,"comment_status":"open","ping_status":"open","sticky":false,"template":"","format":"standard","meta":{"footnotes":""},"categories":[5],"tags":[],"_links":{"self":[{"href":"https:\/\/www.tjes.jus.br\/corregedoria\/wp-json\/wp\/v2\/posts\/23091"}],"collection":[{"href":"https:\/\/www.tjes.jus.br\/corregedoria\/wp-json\/wp\/v2\/posts"}],"about":[{"href":"https:\/\/www.tjes.jus.br\/corregedoria\/wp-json\/wp\/v2\/types\/post"}],"author":[{"embeddable":true,"href":"https:\/\/www.tjes.jus.br\/corregedoria\/wp-json\/wp\/v2\/users\/3"}],"replies":[{"embeddable":true,"href":"https:\/\/www.tjes.jus.br\/corregedoria\/wp-json\/wp\/v2\/comments?post=23091"}],"version-history":[{"count":1,"href":"https:\/\/www.tjes.jus.br\/corregedoria\/wp-json\/wp\/v2\/posts\/23091\/revisions"}],"predecessor-version":[{"id":23092,"href":"https:\/\/www.tjes.jus.br\/corregedoria\/wp-json\/wp\/v2\/posts\/23091\/revisions\/23092"}],"wp:attachment":[{"href":"https:\/\/www.tjes.jus.br\/corregedoria\/wp-json\/wp\/v2\/media?parent=23091"}],"wp:term":[{"taxonomy":"category","embeddable":true,"href":"https:\/\/www.tjes.jus.br\/corregedoria\/wp-json\/wp\/v2\/categories?post=23091"},{"taxonomy":"post_tag","embeddable":true,"href":"https:\/\/www.tjes.jus.br\/corregedoria\/wp-json\/wp\/v2\/tags?post=23091"}],"curies":[{"name":"wp","href":"https:\/\/api.w.org\/{rel}","templated":true}]}}