{"id":23169,"date":"2018-03-08T16:38:18","date_gmt":"2018-03-08T19:38:18","guid":{"rendered":"https:\/\/www.tjes.jus.br\/corregedoria\/?p=23169"},"modified":"2018-03-08T16:38:18","modified_gmt":"2018-03-08T19:38:18","slug":"ato-no-09-2012-disp-03-05-2012","status":"publish","type":"post","link":"https:\/\/www.tjes.jus.br\/corregedoria\/2018\/03\/08\/ato-no-09-2012-disp-03-05-2012\/","title":{"rendered":"ATO N\u00ba 09\/2012 &#8211; DISP. 03\/05\/2012"},"content":{"rendered":"<p style=\"text-align: center;\"><strong>ESTADO DO ESP\u00cdRITO SANTO<\/strong><\/p>\n<p style=\"text-align: center;\"><strong>PODER JUDICI\u00c1RIO<\/strong><\/p>\n<p style=\"text-align: center;\"><strong>CORREGEDORIA-GERAL DA JUSTI\u00c7A<\/strong><\/p>\n<p style=\"text-align: center;\"><strong>ATO N\u00ba 09\/2012<\/strong><\/p>\n<p style=\"text-align: justify;\">O Excelent\u00edssimo Senhor Desembargador Corregedor-Geral da Justi\u00e7a, no uso de suas atribui\u00e7\u00f5es legais e, em atendimento ao disposto no art. 60, inciso XI do Regimento Interno do TJES (Resolu\u00e7\u00e3o N\u00ba 15\/95), resolve aplicar pena de SUSPENS\u00c3O POR 90 (NOVENTA) DIAS ao Sr. TE\u00d3FILO SOARES DA SILVA &#8211; Tabeli\u00e3o do Cart\u00f3rio de Registro Civil e Tabelionato da Sede de Itapemirim &#8211; ES, com fundamento no artigo 33, III, da Lei n\u00ba 8.935\/94.<\/p>\n<p style=\"text-align: justify;\"><strong>Publique-se<\/strong>.<\/p>\n<p style=\"text-align: justify;\">Vit\u00f3ria-ES, 23 de abril de 2012.<\/p>\n<p style=\"text-align: center;\"><strong>DESEMBARGADOR CARLOS HENRIQUE RIOS DO AMARAL<br \/>\nCorregedor-Geral da Justi\u00e7a<\/strong><\/p>\n","protected":false},"excerpt":{"rendered":"<p>ESTADO DO ESP\u00cdRITO SANTO PODER JUDICI\u00c1RIO CORREGEDORIA-GERAL DA JUSTI\u00c7A ATO N\u00ba 09\/2012 O Excelent\u00edssimo Senhor Desembargador Corregedor-Geral da Justi\u00e7a, no uso de suas atribui\u00e7\u00f5es legais e, em atendimento ao disposto no art. 60, inciso XI do Regimento Interno do TJES (Resolu\u00e7\u00e3o N\u00ba 15\/95), resolve aplicar pena de SUSPENS\u00c3O POR 90 (NOVENTA) DIAS ao Sr. TE\u00d3FILO [&hellip;]<\/p>\n","protected":false},"author":3,"featured_media":0,"comment_status":"open","ping_status":"open","sticky":false,"template":"","format":"standard","meta":{"footnotes":""},"categories":[18],"tags":[],"_links":{"self":[{"href":"https:\/\/www.tjes.jus.br\/corregedoria\/wp-json\/wp\/v2\/posts\/23169"}],"collection":[{"href":"https:\/\/www.tjes.jus.br\/corregedoria\/wp-json\/wp\/v2\/posts"}],"about":[{"href":"https:\/\/www.tjes.jus.br\/corregedoria\/wp-json\/wp\/v2\/types\/post"}],"author":[{"embeddable":true,"href":"https:\/\/www.tjes.jus.br\/corregedoria\/wp-json\/wp\/v2\/users\/3"}],"replies":[{"embeddable":true,"href":"https:\/\/www.tjes.jus.br\/corregedoria\/wp-json\/wp\/v2\/comments?post=23169"}],"version-history":[{"count":1,"href":"https:\/\/www.tjes.jus.br\/corregedoria\/wp-json\/wp\/v2\/posts\/23169\/revisions"}],"predecessor-version":[{"id":23170,"href":"https:\/\/www.tjes.jus.br\/corregedoria\/wp-json\/wp\/v2\/posts\/23169\/revisions\/23170"}],"wp:attachment":[{"href":"https:\/\/www.tjes.jus.br\/corregedoria\/wp-json\/wp\/v2\/media?parent=23169"}],"wp:term":[{"taxonomy":"category","embeddable":true,"href":"https:\/\/www.tjes.jus.br\/corregedoria\/wp-json\/wp\/v2\/categories?post=23169"},{"taxonomy":"post_tag","embeddable":true,"href":"https:\/\/www.tjes.jus.br\/corregedoria\/wp-json\/wp\/v2\/tags?post=23169"}],"curies":[{"name":"wp","href":"https:\/\/api.w.org\/{rel}","templated":true}]}}