{"id":23175,"date":"2018-03-08T16:52:31","date_gmt":"2018-03-08T19:52:31","guid":{"rendered":"https:\/\/www.tjes.jus.br\/corregedoria\/?p=23175"},"modified":"2018-03-08T16:52:31","modified_gmt":"2018-03-08T19:52:31","slug":"ato-no-012-2012-disp-16-05-2012","status":"publish","type":"post","link":"https:\/\/www.tjes.jus.br\/corregedoria\/2018\/03\/08\/ato-no-012-2012-disp-16-05-2012\/","title":{"rendered":"ATO N\u00ba 012\/2012 &#8211; DISP. 16\/05\/2012"},"content":{"rendered":"<p style=\"text-align: center;\"><strong>ESTADO DO ESP\u00cdRITO SANTO<\/strong><\/p>\n<p style=\"text-align: center;\"><strong>PODER JUDICI\u00c1RIO<\/strong><\/p>\n<p style=\"text-align: center;\"><strong>CORREGEDORIA GERAL DA JUSTI\u00c7A<\/strong><\/p>\n<p style=\"text-align: center;\"><strong>ATO N\u00ba 12\/2012<\/strong><\/p>\n<p style=\"text-align: justify;\">O EXCELENT\u00cdSSIMO SENHOR DESEMBARGADOR CORREGEDOR-GERAL DA JUSTI\u00c7A, USANDO DE ATRIBUI\u00c7\u00c3O LEGAL.<\/p>\n<p style=\"text-align: justify;\"><strong>RESOLVE<\/strong>:<\/p>\n<p style=\"text-align: justify;\"><strong>DECLARAR VAGO<\/strong> o Cart\u00f3rio do Registro Civil e Tabelionato do Distrito de Comarca de Sagrada Fam\u00edlia, Comarca de Alfredo Chaves\/ES, tendo em vista, pedido de ren\u00fancia do Sr. <strong>RICARDO TADEU BELLINI<\/strong>, delegat\u00e1rio aprovado no Concurso P\u00fablico para serventias extrajudiciais, atrav\u00e9s do Ato n\u00ba 3297\/2009, publicado no \u201cDJ\u201d em 14\/12\/2009, a partir de 27\/03\/2012.<\/p>\n<p style=\"text-align: justify;\"><strong>Publique-se<\/strong>.<\/p>\n<p style=\"text-align: justify;\">Vit\u00f3ria-ES, 08 de maio de 2012.<\/p>\n<p style=\"text-align: center;\"><strong>DESEMBARGADOR CARLOS HENRIQUE RIOS DO AMARAL<br \/>\nCorregedor-Geral da Justi\u00e7a<\/strong><\/p>\n","protected":false},"excerpt":{"rendered":"<p>ESTADO DO ESP\u00cdRITO SANTO PODER JUDICI\u00c1RIO CORREGEDORIA GERAL DA JUSTI\u00c7A ATO N\u00ba 12\/2012 O EXCELENT\u00cdSSIMO SENHOR DESEMBARGADOR CORREGEDOR-GERAL DA JUSTI\u00c7A, USANDO DE ATRIBUI\u00c7\u00c3O LEGAL. RESOLVE: DECLARAR VAGO o Cart\u00f3rio do Registro Civil e Tabelionato do Distrito de Comarca de Sagrada Fam\u00edlia, Comarca de Alfredo Chaves\/ES, tendo em vista, pedido de ren\u00fancia do Sr. RICARDO TADEU [&hellip;]<\/p>\n","protected":false},"author":3,"featured_media":0,"comment_status":"open","ping_status":"open","sticky":false,"template":"","format":"standard","meta":{"footnotes":""},"categories":[18],"tags":[],"_links":{"self":[{"href":"https:\/\/www.tjes.jus.br\/corregedoria\/wp-json\/wp\/v2\/posts\/23175"}],"collection":[{"href":"https:\/\/www.tjes.jus.br\/corregedoria\/wp-json\/wp\/v2\/posts"}],"about":[{"href":"https:\/\/www.tjes.jus.br\/corregedoria\/wp-json\/wp\/v2\/types\/post"}],"author":[{"embeddable":true,"href":"https:\/\/www.tjes.jus.br\/corregedoria\/wp-json\/wp\/v2\/users\/3"}],"replies":[{"embeddable":true,"href":"https:\/\/www.tjes.jus.br\/corregedoria\/wp-json\/wp\/v2\/comments?post=23175"}],"version-history":[{"count":1,"href":"https:\/\/www.tjes.jus.br\/corregedoria\/wp-json\/wp\/v2\/posts\/23175\/revisions"}],"predecessor-version":[{"id":23176,"href":"https:\/\/www.tjes.jus.br\/corregedoria\/wp-json\/wp\/v2\/posts\/23175\/revisions\/23176"}],"wp:attachment":[{"href":"https:\/\/www.tjes.jus.br\/corregedoria\/wp-json\/wp\/v2\/media?parent=23175"}],"wp:term":[{"taxonomy":"category","embeddable":true,"href":"https:\/\/www.tjes.jus.br\/corregedoria\/wp-json\/wp\/v2\/categories?post=23175"},{"taxonomy":"post_tag","embeddable":true,"href":"https:\/\/www.tjes.jus.br\/corregedoria\/wp-json\/wp\/v2\/tags?post=23175"}],"curies":[{"name":"wp","href":"https:\/\/api.w.org\/{rel}","templated":true}]}}