{"id":23199,"date":"2018-03-09T12:34:31","date_gmt":"2018-03-09T15:34:31","guid":{"rendered":"https:\/\/www.tjes.jus.br\/corregedoria\/?p=23199"},"modified":"2018-03-09T12:34:31","modified_gmt":"2018-03-09T15:34:31","slug":"ato-no-25-2012-disp-09-03-2018","status":"publish","type":"post","link":"https:\/\/www.tjes.jus.br\/corregedoria\/2018\/03\/09\/ato-no-25-2012-disp-09-03-2018\/","title":{"rendered":"ATO N\u00ba 25\/2012 &#8211; DISP. 09\/03\/2018"},"content":{"rendered":"<p style=\"text-align: center;\"><strong>ESTADO DO ESP\u00cdRITO SANTO<\/strong><\/p>\n<p style=\"text-align: center;\"><strong>PODER JUDICI\u00c1RIO<\/strong><\/p>\n<p style=\"text-align: center;\"><strong>CORREGEDORIA GERAL DA JUSTI\u00c7A<\/strong><\/p>\n<p style=\"text-align: center;\"><strong>ATO N\u00ba 25\/2012<\/strong><\/p>\n<p style=\"text-align: justify;\">O EXCELENT\u00cdSSIMO SENHOR DESEMBARGADOR CORREGEDOR-GERAL DA JUSTI\u00c7A, USANDO DE ATRIBUI\u00c7\u00c3O LEGAL.<\/p>\n<p style=\"text-align: justify;\"><strong>RESOLVE<\/strong>:<\/p>\n<p style=\"text-align: justify;\"><strong>DESIGNAR<\/strong> o Sr. <strong>HUMBERTO MANOEL PASSOS BEIRIZ<\/strong>, Tabeli\u00e3o e Oficial do Registro Civil e Tabelionato do Distrito de Vila do Riacho &#8211; Aracruz\/ES, para exercer provisoriamente a fun\u00e7\u00e3o de interventor no Cart\u00f3rio do Registro Civil e Tabelionato da 2\u00aa Zona Judici\u00e1ria do Ju\u00edzo de Vit\u00f3ria, Comarca da Capital, a partir de 21\/08\/2012, tendo em vista r. despacho nos autos do processo n\u00ba.2012.00.7912167 desta Corregedoria Geral da Justi\u00e7a.<\/p>\n<p style=\"text-align: justify;\"><strong>Publique-se<\/strong>.<\/p>\n<p style=\"text-align: justify;\">Vit\u00f3ria-ES, 15 de agosto de 2012.<\/p>\n<p style=\"text-align: center;\"><strong>DESEMBARGADOR CARLOS HENRIQUE RIOS DO AMARAL<br \/>\nCorregedor-Geral da Justi\u00e7a<\/strong><\/p>\n","protected":false},"excerpt":{"rendered":"<p>ESTADO DO ESP\u00cdRITO SANTO PODER JUDICI\u00c1RIO CORREGEDORIA GERAL DA JUSTI\u00c7A ATO N\u00ba 25\/2012 O EXCELENT\u00cdSSIMO SENHOR DESEMBARGADOR CORREGEDOR-GERAL DA JUSTI\u00c7A, USANDO DE ATRIBUI\u00c7\u00c3O LEGAL. RESOLVE: DESIGNAR o Sr. HUMBERTO MANOEL PASSOS BEIRIZ, Tabeli\u00e3o e Oficial do Registro Civil e Tabelionato do Distrito de Vila do Riacho &#8211; Aracruz\/ES, para exercer provisoriamente a fun\u00e7\u00e3o de interventor [&hellip;]<\/p>\n","protected":false},"author":3,"featured_media":0,"comment_status":"open","ping_status":"open","sticky":false,"template":"","format":"standard","meta":{"footnotes":""},"categories":[18],"tags":[],"_links":{"self":[{"href":"https:\/\/www.tjes.jus.br\/corregedoria\/wp-json\/wp\/v2\/posts\/23199"}],"collection":[{"href":"https:\/\/www.tjes.jus.br\/corregedoria\/wp-json\/wp\/v2\/posts"}],"about":[{"href":"https:\/\/www.tjes.jus.br\/corregedoria\/wp-json\/wp\/v2\/types\/post"}],"author":[{"embeddable":true,"href":"https:\/\/www.tjes.jus.br\/corregedoria\/wp-json\/wp\/v2\/users\/3"}],"replies":[{"embeddable":true,"href":"https:\/\/www.tjes.jus.br\/corregedoria\/wp-json\/wp\/v2\/comments?post=23199"}],"version-history":[{"count":1,"href":"https:\/\/www.tjes.jus.br\/corregedoria\/wp-json\/wp\/v2\/posts\/23199\/revisions"}],"predecessor-version":[{"id":23200,"href":"https:\/\/www.tjes.jus.br\/corregedoria\/wp-json\/wp\/v2\/posts\/23199\/revisions\/23200"}],"wp:attachment":[{"href":"https:\/\/www.tjes.jus.br\/corregedoria\/wp-json\/wp\/v2\/media?parent=23199"}],"wp:term":[{"taxonomy":"category","embeddable":true,"href":"https:\/\/www.tjes.jus.br\/corregedoria\/wp-json\/wp\/v2\/categories?post=23199"},{"taxonomy":"post_tag","embeddable":true,"href":"https:\/\/www.tjes.jus.br\/corregedoria\/wp-json\/wp\/v2\/tags?post=23199"}],"curies":[{"name":"wp","href":"https:\/\/api.w.org\/{rel}","templated":true}]}}