{"id":23277,"date":"2018-03-13T12:09:10","date_gmt":"2018-03-13T15:09:10","guid":{"rendered":"https:\/\/www.tjes.jus.br\/corregedoria\/?p=23277"},"modified":"2018-03-13T12:10:48","modified_gmt":"2018-03-13T15:10:48","slug":"ato-normativo-no-054-2018-disp-13-03-2018","status":"publish","type":"post","link":"https:\/\/www.tjes.jus.br\/corregedoria\/2018\/03\/13\/ato-normativo-no-054-2018-disp-13-03-2018\/","title":{"rendered":"ATO NORMATIVO N\u00ba 054\/2018 &#8211; DISP. 13\/03\/2018"},"content":{"rendered":"<p style=\"text-align: center;\"><strong>ESTADO DO ESP\u00cdRITO SANTO<\/strong><\/p>\n<p style=\"text-align: center;\"><strong>PODER JUDICI\u00c1RIO<\/strong><\/p>\n<p style=\"text-align: center;\"><strong>TRIBUNAL DE JUSTI\u00c7A<\/strong><\/p>\n<p style=\"text-align: center;\"><strong>PRESID\u00caNCIA<\/strong><\/p>\n<p style=\"text-align: center;\"><strong>ATO NORMATIVO N\u00ba 054\/2018<\/strong><\/p>\n<p style=\"text-align: justify;\"><em>Disp\u00f5e sobre a atua\u00e7\u00e3o do 1\u00ba Centro Judici\u00e1rio de Solu\u00e7\u00e3o de Conflitos e Cidadania- CEJUSC\/TJES, em a\u00e7\u00f5es origin\u00e1rias das Varas de Fam\u00edlia de Serra e de Vit\u00f3ria.<\/em><\/p>\n<p style=\"text-align: justify;\"><strong>CONSIDERANDO<\/strong> o disposto no art. 58, da Resolu\u00e7\u00e3o n\u00ba 15\/95 \u2013 Regimento Interno do Tribunal de Justi\u00e7a do Estado do Esp\u00edrito Santo, que atribui ao Presidente compet\u00eancia geral para exercer a superintend\u00eancia de todo servi\u00e7o judici\u00e1rio, na qualidade de Chefe do Poder Judici\u00e1rio Estadual;<\/p>\n<p style=\"text-align: justify;\"><strong>CONSIDERANDO<\/strong> a vig\u00eancia do C\u00f3digo de Processo Civil (Lei 13.105\/2015), bem como da Lei de Media\u00e7\u00e3o (Lei 13.140\/2015) e, ainda, da <a href=\"https:\/\/www.tjes.jus.br\/corregedoria\/2016\/07\/06\/resolucao-no-0172013-disp-13042013\/\" target=\"_blank\" rel=\"noopener\">Resolu\u00e7\u00e3o n\u00ba 017\/2013<\/a>, que criou os Centros Judici\u00e1rios de Solu\u00e7\u00e3o de Conflitos e Cidadania, sob a Coordena\u00e7\u00e3o do N\u00facleo Permanente de M\u00e9todos Consensuais de Solu\u00e7\u00e3o de Conflitos \u2013 NUPEMEC;<\/p>\n<p style=\"text-align: justify;\"><strong>CONSIDERANDO<\/strong> a <a href=\"https:\/\/www.tjes.jus.br\/corregedoria\/2017\/02\/16\/resolucao-no-032011-publ-em-24012011\/\" target=\"_blank\" rel=\"noopener\">Resolu\u00e7\u00e3o 003\/2011<\/a> que instituiu o N\u00facleo Permanente de M\u00e9todos Consensuais de Solu\u00e7\u00e3o de Conflitos do Poder Judici\u00e1rio do Estado do Esp\u00edrito Santo, posteriormente alterada pela <a href=\"https:\/\/www.tjes.jus.br\/corregedoria\/2017\/02\/21\/resolucao-no-192012-publ-em-17042012\/\" target=\"_blank\" rel=\"noopener\">Resolu\u00e7\u00e3o n.\u00ba 019\/2012<\/a>, bem como a <a href=\"https:\/\/www.tjes.jus.br\/corregedoria\/2016\/07\/06\/resolucao-no-0172013-disp-13042013\/\" target=\"_blank\" rel=\"noopener\">resolu\u00e7\u00e3o 017\/2013<\/a> que criou os Centros Judici\u00e1rios de Solu\u00e7\u00e3o de Conflitos e Cidadania sob sua Coordena\u00e7\u00e3o;<\/p>\n<p style=\"text-align: justify;\"><strong>CONSIDERANDO<\/strong> o <a href=\"https:\/\/www.tjes.jus.br\/corregedoria\/2016\/06\/06\/ato-normativo-no-2672015-disp-04112015\/\" target=\"_blank\" rel=\"noopener\">Ato Normativo 267\/2015<\/a>, que instituiu o Grupo de Trabalho de Fam\u00edlia para implanta\u00e7\u00e3o de Pol\u00edticas P\u00fablicas de Resolu\u00e7\u00e3o de Conflitos Familiares;<\/p>\n<p style=\"text-align: justify;\"><strong>CONSIDERANDO<\/strong> a necessidade de operacionaliza\u00e7\u00e3o e organiza\u00e7\u00e3o dos servi\u00e7os de media\u00e7\u00e3o deste Tribunal de Justi\u00e7a para utiliza\u00e7\u00e3o pelas Varas de Fam\u00edlia deste Estado.<\/p>\n<p style=\"text-align: justify;\"><strong>RESOLVE<\/strong><\/p>\n<p style=\"text-align: justify;\"><strong>Art. 1\u00ba<\/strong>. Solicitar que os primeiros 15 (quinze) processos pass\u00edveis de media\u00e7\u00e3o distribu\u00eddos a partir de 05\/03\/2018 para as Varas de Fam\u00edlia de Serra e Vit\u00f3ria, conforme disposto no art. 693 do C\u00f3digo de Processo Civil, ap\u00f3s observadas as dilig\u00eancias de tutela provis\u00f3ria, se for o caso, e ressalvados os casos descritos no art. 334, excluindo-se, ainda, aqueles em que haja depend\u00eancia de expedi\u00e7\u00e3o de Carta Precat\u00f3ria para comunica\u00e7\u00e3o das partes, sejam relacionados em planilha, conforme modelo anexo, devendo a mesma ser encaminhada pelo e- mail <a href=\"mailto:1cejusctj@tjes.jus.br\">1cejusctj@tjes.jus.br<\/a>, at\u00e9 o dia 13\/04\/2018, impreterivelmente.<\/p>\n<p style=\"text-align: justify;\"><strong>Art. 2\u00ba<\/strong>. O 1\u00ba Centro Judici\u00e1rio de Solu\u00e7\u00e3o de Conflitos e Cidadania- CEJUSC\/TJES providenciar\u00e1 dia, hora e local para realiza\u00e7\u00e3o da sess\u00e3o de media\u00e7\u00e3o dos processos listados pelo Ju\u00edzo, indicando os dados \u00e0 Vara de origem, que providenciar\u00e1 a cita\u00e7\u00e3o e intima\u00e7\u00e3o das partes e advogados, com prioridade, tendo em vista a necessidade de cumprimento dos mandados em at\u00e9 15 (quinze) dias \u00fateis antes da data designada.<\/p>\n<p style=\"text-align: justify;\"><strong>Art. 3\u00ba<\/strong>. O Srs. Ju\u00edzes de Direito Diretores dos F\u00f3runs de Vit\u00f3ria e Serra dever\u00e3o envidar esfor\u00e7os para o cumprimento dos mandados expedidos, conforme preceitua o art. 695, \u00a7 2\u00ba do C\u00f3digo de Processo Civil, mantendo prioridade no cumprimento, inclusive com a utiliza\u00e7\u00e3o dos plant\u00f5es dos Oficiais de Justi\u00e7a, se necess\u00e1rio.<\/p>\n<p style=\"text-align: justify;\"><strong>Art. 4\u00ba<\/strong>. Os Oficiais de Justi\u00e7a para os quais forem distribu\u00eddos os mandados de que trata o artigo anterior, dever\u00e3o devolv\u00ea-los, devidamente cumpridos, para que o cart\u00f3rio providencie a juntada aos autos respectivos, com 05 (cinco) dias de anteced\u00eancia da data marcada para a sess\u00e3o de media\u00e7\u00e3o.<\/p>\n<p style=\"text-align: justify;\"><strong>Art. 5\u00ba<\/strong>. O Cart\u00f3rio de origem dever\u00e1 informar sobre o sucesso ou n\u00e3o da intima\u00e7\u00e3o\/cita\u00e7\u00e3o, pelo e-mail indicado no art. 1\u00ba deste Ato Normativo, com anteced\u00eancia m\u00ednima de 02 (dois) dias da data designada para a sess\u00e3o, n\u00e3o havendo necessidade do encaminhamento dos autos do processo.<\/p>\n<p style=\"text-align: justify;\"><strong>Art. 6\u00ba<\/strong>. Este Ato Normativo entra em vigor na data de sua publica\u00e7\u00e3o.<\/p>\n<p style=\"text-align: justify;\">Vit\u00f3ria, 27 de fevereiro de 2018.<\/p>\n<p style=\"text-align: center;\"><strong>Des. S\u00c9RGIO LUIZ TEIXEIRA GAMA<br \/>\nPresidente<\/strong><\/p>\n<h3 style=\"text-align: center;\">ANEXO (Preenchimento pela Vara de Origem)<\/h3>\n<table style=\"border-color: #000000;\" border=\"1\">\n<tbody>\n<tr>\n<td style=\"border-color: #000000; text-align: center;\" scope=\"row\" width=\"102\"><strong>N\u00ba do Processo<\/strong><\/td>\n<td style=\"border-color: #000000; text-align: center;\" scope=\"row\" width=\"96\"><strong>Assunto<\/strong><\/td>\n<td style=\"border-color: #000000; text-align: center;\" scope=\"row\" width=\"132\"><strong>Nome do Requerente<\/strong><\/td>\n<td style=\"border-color: #000000; text-align: center;\" scope=\"row\" width=\"122\"><strong>Nome do Requerido<\/strong><\/td>\n<td style=\"border-color: #000000; text-align: center;\" scope=\"row\" width=\"124\"><strong>Advogados<\/strong><\/td>\n<\/tr>\n<tr>\n<td style=\"border-color: #000000; text-align: center;\" scope=\"row\" width=\"102\"><\/td>\n<td style=\"border-color: #000000; text-align: center;\" scope=\"row\" width=\"96\"><\/td>\n<td style=\"border-color: #000000; text-align: center;\" scope=\"row\" width=\"132\"><\/td>\n<td style=\"border-color: #000000; text-align: center;\" scope=\"row\" width=\"122\"><\/td>\n<td style=\"border-color: #000000; text-align: center;\" scope=\"row\" width=\"124\"><\/td>\n<\/tr>\n<tr>\n<td style=\"border-color: #000000; text-align: center;\" scope=\"row\" width=\"102\"><\/td>\n<td style=\"border-color: #000000; text-align: center;\" scope=\"row\" width=\"96\"><\/td>\n<td style=\"border-color: #000000; text-align: center;\" scope=\"row\" width=\"132\"><\/td>\n<td style=\"border-color: #000000; text-align: center;\" scope=\"row\" width=\"122\"><\/td>\n<td style=\"border-color: #000000; text-align: center;\" scope=\"row\" width=\"124\"><\/td>\n<\/tr>\n<tr>\n<td style=\"border-color: #000000; text-align: center;\" scope=\"row\" width=\"102\"><\/td>\n<td style=\"border-color: #000000; text-align: center;\" scope=\"row\" width=\"96\"><\/td>\n<td style=\"border-color: #000000; text-align: center;\" scope=\"row\" width=\"132\"><\/td>\n<td style=\"border-color: #000000; text-align: center;\" scope=\"row\" width=\"122\"><\/td>\n<td style=\"border-color: #000000; text-align: center;\" scope=\"row\" width=\"124\"><\/td>\n<\/tr>\n<tr>\n<td style=\"border-color: #000000; text-align: center;\" scope=\"row\" width=\"102\"><\/td>\n<td style=\"border-color: #000000; text-align: center;\" scope=\"row\" width=\"96\"><\/td>\n<td style=\"border-color: #000000; text-align: center;\" scope=\"row\" width=\"132\"><\/td>\n<td style=\"border-color: #000000; text-align: center;\" scope=\"row\" width=\"122\"><\/td>\n<td style=\"border-color: #000000; text-align: center;\" scope=\"row\" width=\"124\"><\/td>\n<\/tr>\n<tr>\n<td style=\"border-color: #000000; text-align: center;\" scope=\"row\" width=\"102\"><\/td>\n<td style=\"border-color: #000000; text-align: center;\" scope=\"row\" width=\"96\"><\/td>\n<td style=\"border-color: #000000; text-align: center;\" scope=\"row\" width=\"132\"><\/td>\n<td style=\"border-color: #000000; text-align: center;\" scope=\"row\" width=\"122\"><\/td>\n<td style=\"border-color: #000000; text-align: center;\" scope=\"row\" width=\"124\"><\/td>\n<\/tr>\n<\/tbody>\n<\/table>\n<p style=\"text-align: justify;\"><strong>\u00a0<\/strong><\/p>\n","protected":false},"excerpt":{"rendered":"<p>ESTADO DO ESP\u00cdRITO SANTO PODER JUDICI\u00c1RIO TRIBUNAL DE JUSTI\u00c7A PRESID\u00caNCIA ATO NORMATIVO N\u00ba 054\/2018 Disp\u00f5e sobre a atua\u00e7\u00e3o do 1\u00ba Centro Judici\u00e1rio de Solu\u00e7\u00e3o de Conflitos e Cidadania- CEJUSC\/TJES, em a\u00e7\u00f5es origin\u00e1rias das Varas de Fam\u00edlia de Serra e de Vit\u00f3ria. CONSIDERANDO o disposto no art. 58, da Resolu\u00e7\u00e3o n\u00ba 15\/95 \u2013 Regimento Interno do [&hellip;]<\/p>\n","protected":false},"author":3,"featured_media":0,"comment_status":"open","ping_status":"open","sticky":false,"template":"","format":"standard","meta":{"footnotes":""},"categories":[4,14],"tags":[],"_links":{"self":[{"href":"https:\/\/www.tjes.jus.br\/corregedoria\/wp-json\/wp\/v2\/posts\/23277"}],"collection":[{"href":"https:\/\/www.tjes.jus.br\/corregedoria\/wp-json\/wp\/v2\/posts"}],"about":[{"href":"https:\/\/www.tjes.jus.br\/corregedoria\/wp-json\/wp\/v2\/types\/post"}],"author":[{"embeddable":true,"href":"https:\/\/www.tjes.jus.br\/corregedoria\/wp-json\/wp\/v2\/users\/3"}],"replies":[{"embeddable":true,"href":"https:\/\/www.tjes.jus.br\/corregedoria\/wp-json\/wp\/v2\/comments?post=23277"}],"version-history":[{"count":3,"href":"https:\/\/www.tjes.jus.br\/corregedoria\/wp-json\/wp\/v2\/posts\/23277\/revisions"}],"predecessor-version":[{"id":23281,"href":"https:\/\/www.tjes.jus.br\/corregedoria\/wp-json\/wp\/v2\/posts\/23277\/revisions\/23281"}],"wp:attachment":[{"href":"https:\/\/www.tjes.jus.br\/corregedoria\/wp-json\/wp\/v2\/media?parent=23277"}],"wp:term":[{"taxonomy":"category","embeddable":true,"href":"https:\/\/www.tjes.jus.br\/corregedoria\/wp-json\/wp\/v2\/categories?post=23277"},{"taxonomy":"post_tag","embeddable":true,"href":"https:\/\/www.tjes.jus.br\/corregedoria\/wp-json\/wp\/v2\/tags?post=23277"}],"curies":[{"name":"wp","href":"https:\/\/api.w.org\/{rel}","templated":true}]}}