{"id":23304,"date":"2018-03-13T13:40:56","date_gmt":"2018-03-13T16:40:56","guid":{"rendered":"https:\/\/www.tjes.jus.br\/corregedoria\/?p=23304"},"modified":"2018-03-13T13:40:56","modified_gmt":"2018-03-13T16:40:56","slug":"ato-no-080-2013-disp-20-05-2013","status":"publish","type":"post","link":"https:\/\/www.tjes.jus.br\/corregedoria\/2018\/03\/13\/ato-no-080-2013-disp-20-05-2013\/","title":{"rendered":"ATO N\u00ba 080\/2013 &#8211; DISP. 20\/05\/2013"},"content":{"rendered":"<p style=\"text-align: center;\"><strong>ESTADO DO ESP\u00cdRITO SANTO<\/strong><\/p>\n<p style=\"text-align: center;\"><strong>PODER JUDICI\u00c1RIO<\/strong><\/p>\n<p style=\"text-align: center;\"><strong>CORREGEDORIA GERAL DO ESTADO<\/strong><\/p>\n<p style=\"text-align: center;\"><strong>ATO N\u00ba 80\/2013<\/strong><\/p>\n<p style=\"text-align: justify;\">A EXM\u00aa. SRA. DESEMBARGADORA VICE &#8211; CORREGEDORA GERAL DA JUSTI\u00c7A DO ESTADO DO ESP\u00cdRITO SANTO, USANDO DE ATRIBUI\u00c7\u00c3O LEGAL E DE ACORDO COM DECIS\u00c3O EXARADA NO PROCESSO ADMINISTRATIVO DISCIPLINAR N\u00ba. 201300505828 DESTA CORREGEDORIA GERAL DA JUSTI\u00c7A<\/p>\n<p style=\"text-align: justify;\"><strong>RESOLVE<\/strong>:<\/p>\n<p style=\"text-align: justify;\"><strong>Cessar os efeitos<\/strong> do Ato n\u00ba. 271\/97, publicado em 25\/04\/1997, que designou o Sr. <strong>DEUZIMAR MOREIRA ANDRADE<\/strong>, para exercer, interinamente, o cargo de Oficial e Tabeli\u00e3o do Cart\u00f3rio do Registro Civil e Tabelionato do Distrito de Coutinho, serventia extrajudicial da Comarca de Cachoeiro de Itapemirim, anexando o acervo da serventia ao Cart\u00f3rio de Registro Civil do 1\u00ba Distrito da Sede da mesma Comarca, at\u00e9 a realiza\u00e7\u00e3o de concurso p\u00fablico.<\/p>\n<p style=\"text-align: justify;\"><strong>Publique-se<\/strong>.<\/p>\n<p style=\"text-align: justify;\">Vit\u00f3ria-ES, 15 de maio de 2013.<\/p>\n<p style=\"text-align: center;\"><strong>DES.\u00aa CATHARINA MARIA NOVAES BARCELLOS<br \/>\nVice &#8211; Corregedora Geral da Justi\u00e7a<\/strong><\/p>\n","protected":false},"excerpt":{"rendered":"<p>ESTADO DO ESP\u00cdRITO SANTO PODER JUDICI\u00c1RIO CORREGEDORIA GERAL DO ESTADO ATO N\u00ba 80\/2013 A EXM\u00aa. SRA. DESEMBARGADORA VICE &#8211; CORREGEDORA GERAL DA JUSTI\u00c7A DO ESTADO DO ESP\u00cdRITO SANTO, USANDO DE ATRIBUI\u00c7\u00c3O LEGAL E DE ACORDO COM DECIS\u00c3O EXARADA NO PROCESSO ADMINISTRATIVO DISCIPLINAR N\u00ba. 201300505828 DESTA CORREGEDORIA GERAL DA JUSTI\u00c7A RESOLVE: Cessar os efeitos do Ato [&hellip;]<\/p>\n","protected":false},"author":3,"featured_media":0,"comment_status":"open","ping_status":"open","sticky":false,"template":"","format":"standard","meta":{"footnotes":""},"categories":[18],"tags":[],"_links":{"self":[{"href":"https:\/\/www.tjes.jus.br\/corregedoria\/wp-json\/wp\/v2\/posts\/23304"}],"collection":[{"href":"https:\/\/www.tjes.jus.br\/corregedoria\/wp-json\/wp\/v2\/posts"}],"about":[{"href":"https:\/\/www.tjes.jus.br\/corregedoria\/wp-json\/wp\/v2\/types\/post"}],"author":[{"embeddable":true,"href":"https:\/\/www.tjes.jus.br\/corregedoria\/wp-json\/wp\/v2\/users\/3"}],"replies":[{"embeddable":true,"href":"https:\/\/www.tjes.jus.br\/corregedoria\/wp-json\/wp\/v2\/comments?post=23304"}],"version-history":[{"count":1,"href":"https:\/\/www.tjes.jus.br\/corregedoria\/wp-json\/wp\/v2\/posts\/23304\/revisions"}],"predecessor-version":[{"id":23305,"href":"https:\/\/www.tjes.jus.br\/corregedoria\/wp-json\/wp\/v2\/posts\/23304\/revisions\/23305"}],"wp:attachment":[{"href":"https:\/\/www.tjes.jus.br\/corregedoria\/wp-json\/wp\/v2\/media?parent=23304"}],"wp:term":[{"taxonomy":"category","embeddable":true,"href":"https:\/\/www.tjes.jus.br\/corregedoria\/wp-json\/wp\/v2\/categories?post=23304"},{"taxonomy":"post_tag","embeddable":true,"href":"https:\/\/www.tjes.jus.br\/corregedoria\/wp-json\/wp\/v2\/tags?post=23304"}],"curies":[{"name":"wp","href":"https:\/\/api.w.org\/{rel}","templated":true}]}}