{"id":23318,"date":"2018-03-13T15:21:35","date_gmt":"2018-03-13T18:21:35","guid":{"rendered":"https:\/\/www.tjes.jus.br\/corregedoria\/?p=23318"},"modified":"2018-03-13T15:23:27","modified_gmt":"2018-03-13T18:23:27","slug":"ato-no-081-2013-disp-05-06-2013","status":"publish","type":"post","link":"https:\/\/www.tjes.jus.br\/corregedoria\/2018\/03\/13\/ato-no-081-2013-disp-05-06-2013\/","title":{"rendered":"ATO N\u00ba 081\/2013 &#8211; DISP. 05\/06\/2013"},"content":{"rendered":"<p style=\"text-align: center;\"><strong>ESTADO DO ESP\u00cdRITO SANTO<\/strong><\/p>\n<p style=\"text-align: center;\"><strong>PODER JUDICI\u00c1RIO<\/strong><\/p>\n<p style=\"text-align: center;\"><strong>CORREGEDORIA-GERAL DA JUSTI\u00c7A<\/strong><\/p>\n<p style=\"text-align: center;\"><strong>ATO N\u00ba 081\/2013<\/strong><\/p>\n<p style=\"text-align: justify;\">A Excelent\u00edssima Senhora Desembargadora Vice-Corregedora Geral da Justi\u00e7a, no uso de suas atribui\u00e7\u00f5es legais e, em atendimento ao disposto no art. 60, inciso XI do Regimento Interno do TJES (Resolu\u00e7\u00e3o N\u00ba 15\/95), resolve aplicar pena de <strong>SUSPENS\u00c3O pelo prazo de 30 (trinta) dias ao Sr. DIHLO FERNANDES TEIXEIRA<\/strong> \u2013 Tabeli\u00e3o do Cart\u00f3rio do 3\u00ba Of\u00edcio de Notas da Comarca de Vila Velha &#8211; ES, com fundamento no artigo 32, inc. III c\/c com art. 33, inc. III, ambos da Lei Federal n\u00ba 8.935\/94, conforme r. decis\u00e3o proferida nos autos do Processo Administrativo Disciplinar n\u00ba 2012.00.804.902 (1201862 \u2013 CGJ) desta Corregedoria Geral da Justi\u00e7a.<\/p>\n<p style=\"text-align: justify;\"><strong>Publique-se<\/strong>.<\/p>\n<p style=\"text-align: justify;\">Vit\u00f3ria-ES, 27 de maio de 2013.<\/p>\n<p style=\"text-align: center;\"><strong>DESEMBARGADORA CATHARINA MARIA NOVAES BARCELLOS<br \/>\nVice-Corregedora Geral da Justi\u00e7a<\/strong><\/p>\n","protected":false},"excerpt":{"rendered":"<p>ESTADO DO ESP\u00cdRITO SANTO PODER JUDICI\u00c1RIO CORREGEDORIA-GERAL DA JUSTI\u00c7A ATO N\u00ba 081\/2013 A Excelent\u00edssima Senhora Desembargadora Vice-Corregedora Geral da Justi\u00e7a, no uso de suas atribui\u00e7\u00f5es legais e, em atendimento ao disposto no art. 60, inciso XI do Regimento Interno do TJES (Resolu\u00e7\u00e3o N\u00ba 15\/95), resolve aplicar pena de SUSPENS\u00c3O pelo prazo de 30 (trinta) dias [&hellip;]<\/p>\n","protected":false},"author":3,"featured_media":0,"comment_status":"open","ping_status":"open","sticky":false,"template":"","format":"standard","meta":{"footnotes":""},"categories":[18],"tags":[],"_links":{"self":[{"href":"https:\/\/www.tjes.jus.br\/corregedoria\/wp-json\/wp\/v2\/posts\/23318"}],"collection":[{"href":"https:\/\/www.tjes.jus.br\/corregedoria\/wp-json\/wp\/v2\/posts"}],"about":[{"href":"https:\/\/www.tjes.jus.br\/corregedoria\/wp-json\/wp\/v2\/types\/post"}],"author":[{"embeddable":true,"href":"https:\/\/www.tjes.jus.br\/corregedoria\/wp-json\/wp\/v2\/users\/3"}],"replies":[{"embeddable":true,"href":"https:\/\/www.tjes.jus.br\/corregedoria\/wp-json\/wp\/v2\/comments?post=23318"}],"version-history":[{"count":3,"href":"https:\/\/www.tjes.jus.br\/corregedoria\/wp-json\/wp\/v2\/posts\/23318\/revisions"}],"predecessor-version":[{"id":23322,"href":"https:\/\/www.tjes.jus.br\/corregedoria\/wp-json\/wp\/v2\/posts\/23318\/revisions\/23322"}],"wp:attachment":[{"href":"https:\/\/www.tjes.jus.br\/corregedoria\/wp-json\/wp\/v2\/media?parent=23318"}],"wp:term":[{"taxonomy":"category","embeddable":true,"href":"https:\/\/www.tjes.jus.br\/corregedoria\/wp-json\/wp\/v2\/categories?post=23318"},{"taxonomy":"post_tag","embeddable":true,"href":"https:\/\/www.tjes.jus.br\/corregedoria\/wp-json\/wp\/v2\/tags?post=23318"}],"curies":[{"name":"wp","href":"https:\/\/api.w.org\/{rel}","templated":true}]}}