{"id":23328,"date":"2018-03-13T17:14:39","date_gmt":"2018-03-13T20:14:39","guid":{"rendered":"https:\/\/www.tjes.jus.br\/corregedoria\/?p=23328"},"modified":"2018-03-13T17:14:39","modified_gmt":"2018-03-13T20:14:39","slug":"ato-no-092-2013-disp-05-07-2013","status":"publish","type":"post","link":"https:\/\/www.tjes.jus.br\/corregedoria\/2018\/03\/13\/ato-no-092-2013-disp-05-07-2013\/","title":{"rendered":"ATO N\u00ba 092\/2013 &#8211; DISP. 05\/07\/2013"},"content":{"rendered":"<p style=\"text-align: center;\"><strong>ESTADO DO ESP\u00cdRITO SANTO<\/strong><\/p>\n<p style=\"text-align: center;\"><strong>PODER JUDICI\u00c1RIO<\/strong><\/p>\n<p style=\"text-align: center;\"><strong>CORREGEDORIA GERAL DA JUSTI\u00c7A<\/strong><\/p>\n<p style=\"text-align: center;\"><strong>ATO N\u00ba 092\/2013<\/strong><\/p>\n<p style=\"text-align: justify;\">O Excelent\u00edssimo Senhor Desembargador Corregedor-Geral da Justi\u00e7a, no uso de suas atribui\u00e7\u00f5es legais e, em atendimento ao disposto no art. 60, inciso XI do Regimento Interno do TJES (Resolu\u00e7\u00e3o N\u00ba 15\/95),\u00a0<strong>RESOLVE<\/strong>:<\/p>\n<p style=\"text-align: justify;\"><strong>Cessar\u00a0os efeitos<\/strong>, do <a href=\"https:\/\/www.tjes.jus.br\/corregedoria\/2017\/03\/16\/ato-no-0382012-publ-12112012\/\" target=\"_blank\" rel=\"noopener\">Ato n\u00ba. 038\/2012<\/a>,\u00a0publicado no DJ do dia 12\/11\/2012, que designou a Sra. <strong>NAERCE MARIA ARRUDA BONFIM<\/strong>, interina do Cart\u00f3rio do Registro Civil e Notas do Distrito de Camar\u00e1 \u2013 Comarca de Muqui\/ES, que deferiu seu afastamento pelo per\u00edodo de 02 (dois) anos para tratar de interesse particular, conforme processo de designa\u00e7\u00e3o n\u00ba 2012.00.867.521 desta Corregedoria Geral da Justi\u00e7a.<\/p>\n<p style=\"text-align: justify;\"><strong>Publique-se<\/strong>.<\/p>\n<p style=\"text-align: justify;\">Vit\u00f3ria-ES, 01 de julho de 2013.<\/p>\n<p style=\"text-align: center;\"><strong>DES. CARLOS HENRIQUE RIOS DO AMARAL<br \/>\nCorregedor-Geral da Justi\u00e7a<\/strong><\/p>\n","protected":false},"excerpt":{"rendered":"<p>ESTADO DO ESP\u00cdRITO SANTO PODER JUDICI\u00c1RIO CORREGEDORIA GERAL DA JUSTI\u00c7A ATO N\u00ba 092\/2013 O Excelent\u00edssimo Senhor Desembargador Corregedor-Geral da Justi\u00e7a, no uso de suas atribui\u00e7\u00f5es legais e, em atendimento ao disposto no art. 60, inciso XI do Regimento Interno do TJES (Resolu\u00e7\u00e3o N\u00ba 15\/95),\u00a0RESOLVE: Cessar\u00a0os efeitos, do Ato n\u00ba. 038\/2012,\u00a0publicado no DJ do dia 12\/11\/2012, [&hellip;]<\/p>\n","protected":false},"author":3,"featured_media":0,"comment_status":"open","ping_status":"open","sticky":false,"template":"","format":"standard","meta":{"footnotes":""},"categories":[18],"tags":[],"_links":{"self":[{"href":"https:\/\/www.tjes.jus.br\/corregedoria\/wp-json\/wp\/v2\/posts\/23328"}],"collection":[{"href":"https:\/\/www.tjes.jus.br\/corregedoria\/wp-json\/wp\/v2\/posts"}],"about":[{"href":"https:\/\/www.tjes.jus.br\/corregedoria\/wp-json\/wp\/v2\/types\/post"}],"author":[{"embeddable":true,"href":"https:\/\/www.tjes.jus.br\/corregedoria\/wp-json\/wp\/v2\/users\/3"}],"replies":[{"embeddable":true,"href":"https:\/\/www.tjes.jus.br\/corregedoria\/wp-json\/wp\/v2\/comments?post=23328"}],"version-history":[{"count":1,"href":"https:\/\/www.tjes.jus.br\/corregedoria\/wp-json\/wp\/v2\/posts\/23328\/revisions"}],"predecessor-version":[{"id":23331,"href":"https:\/\/www.tjes.jus.br\/corregedoria\/wp-json\/wp\/v2\/posts\/23328\/revisions\/23331"}],"wp:attachment":[{"href":"https:\/\/www.tjes.jus.br\/corregedoria\/wp-json\/wp\/v2\/media?parent=23328"}],"wp:term":[{"taxonomy":"category","embeddable":true,"href":"https:\/\/www.tjes.jus.br\/corregedoria\/wp-json\/wp\/v2\/categories?post=23328"},{"taxonomy":"post_tag","embeddable":true,"href":"https:\/\/www.tjes.jus.br\/corregedoria\/wp-json\/wp\/v2\/tags?post=23328"}],"curies":[{"name":"wp","href":"https:\/\/api.w.org\/{rel}","templated":true}]}}