{"id":23379,"date":"2018-03-14T17:34:10","date_gmt":"2018-03-14T20:34:10","guid":{"rendered":"https:\/\/www.tjes.jus.br\/corregedoria\/?p=23379"},"modified":"2018-03-14T17:34:10","modified_gmt":"2018-03-14T20:34:10","slug":"errata-no-ato-no-031-2014-disp-21-05-2014","status":"publish","type":"post","link":"https:\/\/www.tjes.jus.br\/corregedoria\/2018\/03\/14\/errata-no-ato-no-031-2014-disp-21-05-2014\/","title":{"rendered":"ERRATA NO ATO N\u00ba 031\/2014 &#8211; DISP. 21\/05\/2014"},"content":{"rendered":"<p style=\"text-align: center;\"><strong>ESTADO DO ESP\u00cdRITO SANTO<\/strong><\/p>\n<p style=\"text-align: center;\"><strong>PODER JUDICI\u00c1RIO<\/strong><\/p>\n<p style=\"text-align: center;\"><strong>CORREGEDORIA GERAL DA JUSTI\u00c7A<\/strong><\/p>\n<p style=\"text-align: justify;\">O Excelent\u00edssimo Senhor Desembargador Corregedor &#8211; Geral da Justi\u00e7a no uso de suas atribui\u00e7\u00f5es legais, e de acordo com Decis\u00e3o proferida nos autos do processo n\u00ba. 2004.00.514.311,<\/p>\n<p style=\"text-align: justify;\">RESOLVE:<\/p>\n<p style=\"text-align: justify;\">ERRATA: No <a href=\"https:\/\/www.tjes.jus.br\/corregedoria\/2018\/03\/14\/ato-no-031-2014-disp-15-05-2014\/\" target=\"_blank\" rel=\"noopener\">Ato 031\/2014<\/a>, publicado em 15\/05\/2014, que cessou os efeitos da designa\u00e7\u00e3o do Sr. WINDSOR BELING ANTUNES para responder, interinamente, pelo Cart\u00f3rio do Registro Civil da Sede da Comarca de Venda Nova do Imigrante<\/p>\n<p style=\"text-align: justify;\">Onde se l\u00ea: <a href=\"https:\/\/www.tjes.jus.br\/corregedoria\/2018\/03\/14\/ato-no-1224-2010-disp-25-05-2010\/\" target=\"_blank\" rel=\"noopener\">Ato n\u00ba 1224\/2005<\/a>, publicado em 25\/05\/2010<\/p>\n<p style=\"text-align: justify;\">Leia-se: <a href=\"https:\/\/www.tjes.jus.br\/corregedoria\/2018\/03\/14\/ato-no-1224-2010-disp-25-05-2010\/\" target=\"_blank\" rel=\"noopener\">Ato n\u00ba. 1224\/2010<\/a>, publicado em 25\/05\/2010<\/p>\n<p style=\"text-align: justify;\">Publique-se.<\/p>\n<p style=\"text-align: justify;\">Vit\u00f3ria-ES, 15 de maio de 2014.<\/p>\n<p style=\"text-align: center;\"><strong>CARLOS ROBERTO MIGNONE<br \/>\nCORREGEDOR-GERAL DA JUSTI\u00c7A<\/strong><\/p>\n","protected":false},"excerpt":{"rendered":"<p>ESTADO DO ESP\u00cdRITO SANTO PODER JUDICI\u00c1RIO CORREGEDORIA GERAL DA JUSTI\u00c7A O Excelent\u00edssimo Senhor Desembargador Corregedor &#8211; Geral da Justi\u00e7a no uso de suas atribui\u00e7\u00f5es legais, e de acordo com Decis\u00e3o proferida nos autos do processo n\u00ba. 2004.00.514.311, RESOLVE: ERRATA: No Ato 031\/2014, publicado em 15\/05\/2014, que cessou os efeitos da designa\u00e7\u00e3o do Sr. WINDSOR BELING [&hellip;]<\/p>\n","protected":false},"author":3,"featured_media":0,"comment_status":"open","ping_status":"open","sticky":false,"template":"","format":"standard","meta":{"footnotes":""},"categories":[18],"tags":[],"_links":{"self":[{"href":"https:\/\/www.tjes.jus.br\/corregedoria\/wp-json\/wp\/v2\/posts\/23379"}],"collection":[{"href":"https:\/\/www.tjes.jus.br\/corregedoria\/wp-json\/wp\/v2\/posts"}],"about":[{"href":"https:\/\/www.tjes.jus.br\/corregedoria\/wp-json\/wp\/v2\/types\/post"}],"author":[{"embeddable":true,"href":"https:\/\/www.tjes.jus.br\/corregedoria\/wp-json\/wp\/v2\/users\/3"}],"replies":[{"embeddable":true,"href":"https:\/\/www.tjes.jus.br\/corregedoria\/wp-json\/wp\/v2\/comments?post=23379"}],"version-history":[{"count":1,"href":"https:\/\/www.tjes.jus.br\/corregedoria\/wp-json\/wp\/v2\/posts\/23379\/revisions"}],"predecessor-version":[{"id":23380,"href":"https:\/\/www.tjes.jus.br\/corregedoria\/wp-json\/wp\/v2\/posts\/23379\/revisions\/23380"}],"wp:attachment":[{"href":"https:\/\/www.tjes.jus.br\/corregedoria\/wp-json\/wp\/v2\/media?parent=23379"}],"wp:term":[{"taxonomy":"category","embeddable":true,"href":"https:\/\/www.tjes.jus.br\/corregedoria\/wp-json\/wp\/v2\/categories?post=23379"},{"taxonomy":"post_tag","embeddable":true,"href":"https:\/\/www.tjes.jus.br\/corregedoria\/wp-json\/wp\/v2\/tags?post=23379"}],"curies":[{"name":"wp","href":"https:\/\/api.w.org\/{rel}","templated":true}]}}