{"id":23456,"date":"2018-03-15T14:50:06","date_gmt":"2018-03-15T17:50:06","guid":{"rendered":"https:\/\/www.tjes.jus.br\/corregedoria\/?p=23456"},"modified":"2018-03-15T14:50:06","modified_gmt":"2018-03-15T17:50:06","slug":"ato-no-081-2014-disp-08-10-2014","status":"publish","type":"post","link":"https:\/\/www.tjes.jus.br\/corregedoria\/2018\/03\/15\/ato-no-081-2014-disp-08-10-2014\/","title":{"rendered":"ATO N\u00ba 081\/2014 &#8211; DISP. 08\/10\/2014"},"content":{"rendered":"<p style=\"text-align: center;\" align=\"center\"><strong>ESTADO DO ESP\u00cdRITO SANTO<\/strong><\/p>\n<p style=\"text-align: center;\" align=\"center\"><strong>PODER JUDICI\u00c1RIO<\/strong><\/p>\n<p style=\"text-align: center;\" align=\"center\"><strong>CORREGEDORIA GERAL DA JUSTI\u00c7A<\/strong><\/p>\n<p style=\"text-align: center;\" align=\"center\"><strong>ATO N\u00ba 081\/2014<\/strong><\/p>\n<p style=\"text-align: justify;\">O Desembargador CARLOS ROBERTO MIGNONE, Corregedor-Geral da Justi\u00e7a do Estado do Esp\u00edrito Santo, no uso de suas atribui\u00e7\u00f5es legais e de acordo com Decis\u00e3o exarada nos autos do Processo Administrativo n\u00ba. 2014.01.130.463 desta Corregedoria,<\/p>\n<p style=\"text-align: justify;\"><strong>RESOLVE:<\/strong><\/p>\n<p style=\"text-align: justify;\">Designar a Sra. NEURA L\u00daCIA MELO FERREIRA, titular do Cart\u00f3rio do Registro Civil e Tabelionato de Notas da Sede, para responder em car\u00e1ter prec\u00e1rio e interinamente em confian\u00e7a do poder p\u00fablico, com anexa\u00e7\u00e3o do acervo, pelo Cart\u00f3rio do Registro Civil e Tabelionato de Notas do Distrito de Pendanga, ambas serventias extrajudiciais da Comarca de Ibira\u00e7u\/ES, at\u00e9 ulterior provimento do servi\u00e7o nos moldes constitucionais (CRFB\/1988, art 236, \u00a7 3\u00ba).<\/p>\n<p style=\"text-align: justify;\">Publique-se.<\/p>\n<p style=\"text-align: justify;\">Vit\u00f3ria-ES, 02 de outubro de 2014.<\/p>\n<p style=\"text-align: center;\"><strong>CARLOS ROBERTO MIGNONE<br \/>\nCorregedor-Geral da Justi\u00e7a<\/strong><\/p>\n","protected":false},"excerpt":{"rendered":"<p>ESTADO DO ESP\u00cdRITO SANTO PODER JUDICI\u00c1RIO CORREGEDORIA GERAL DA JUSTI\u00c7A ATO N\u00ba 081\/2014 O Desembargador CARLOS ROBERTO MIGNONE, Corregedor-Geral da Justi\u00e7a do Estado do Esp\u00edrito Santo, no uso de suas atribui\u00e7\u00f5es legais e de acordo com Decis\u00e3o exarada nos autos do Processo Administrativo n\u00ba. 2014.01.130.463 desta Corregedoria, RESOLVE: Designar a Sra. NEURA L\u00daCIA MELO FERREIRA, [&hellip;]<\/p>\n","protected":false},"author":3,"featured_media":0,"comment_status":"open","ping_status":"open","sticky":false,"template":"","format":"standard","meta":{"footnotes":""},"categories":[18],"tags":[],"_links":{"self":[{"href":"https:\/\/www.tjes.jus.br\/corregedoria\/wp-json\/wp\/v2\/posts\/23456"}],"collection":[{"href":"https:\/\/www.tjes.jus.br\/corregedoria\/wp-json\/wp\/v2\/posts"}],"about":[{"href":"https:\/\/www.tjes.jus.br\/corregedoria\/wp-json\/wp\/v2\/types\/post"}],"author":[{"embeddable":true,"href":"https:\/\/www.tjes.jus.br\/corregedoria\/wp-json\/wp\/v2\/users\/3"}],"replies":[{"embeddable":true,"href":"https:\/\/www.tjes.jus.br\/corregedoria\/wp-json\/wp\/v2\/comments?post=23456"}],"version-history":[{"count":1,"href":"https:\/\/www.tjes.jus.br\/corregedoria\/wp-json\/wp\/v2\/posts\/23456\/revisions"}],"predecessor-version":[{"id":23457,"href":"https:\/\/www.tjes.jus.br\/corregedoria\/wp-json\/wp\/v2\/posts\/23456\/revisions\/23457"}],"wp:attachment":[{"href":"https:\/\/www.tjes.jus.br\/corregedoria\/wp-json\/wp\/v2\/media?parent=23456"}],"wp:term":[{"taxonomy":"category","embeddable":true,"href":"https:\/\/www.tjes.jus.br\/corregedoria\/wp-json\/wp\/v2\/categories?post=23456"},{"taxonomy":"post_tag","embeddable":true,"href":"https:\/\/www.tjes.jus.br\/corregedoria\/wp-json\/wp\/v2\/tags?post=23456"}],"curies":[{"name":"wp","href":"https:\/\/api.w.org\/{rel}","templated":true}]}}