{"id":23466,"date":"2018-03-15T15:20:24","date_gmt":"2018-03-15T18:20:24","guid":{"rendered":"https:\/\/www.tjes.jus.br\/corregedoria\/?p=23466"},"modified":"2018-03-15T15:20:24","modified_gmt":"2018-03-15T18:20:24","slug":"ato-no-88-2014-disp-02-12-2014","status":"publish","type":"post","link":"https:\/\/www.tjes.jus.br\/corregedoria\/2018\/03\/15\/ato-no-88-2014-disp-02-12-2014\/","title":{"rendered":"ATO N\u00ba 88\/2014 &#8211; DISP. 02\/12\/2014"},"content":{"rendered":"<p style=\"text-align: center;\" align=\"center\"><strong>CORREGEDORIA GERAL DA JUSTI\u00c7A<\/strong><\/p>\n<p style=\"text-align: center;\" align=\"center\"><strong>PODER JUDICI\u00c1RIO<\/strong><\/p>\n<p style=\"text-align: center;\" align=\"center\"><strong>ESTADO DO ESP\u00cdRITO SANTO<\/strong><\/p>\n<p style=\"text-align: center;\" align=\"center\"><strong>Coordenadoria de Monitoramento do Foro Judicial e Extrajudicial<\/strong><\/p>\n<p style=\"text-align: center;\" align=\"center\"><strong>ATO N\u00ba 88\/2014<\/strong><\/p>\n<p style=\"text-align: justify;\">O Excelent\u00edssimo Senhor Desembargador Corregedor-Geral da Justi\u00e7a, no uso de suas atribui\u00e7\u00f5es legais e de acordo com Decis\u00e3o exarada nos autos do Processo Administrativo n\u00ba. 2014.01.012.211 (0706865) desta Corregedoria.<\/p>\n<p style=\"text-align: justify;\"><strong>RESOLVE:<\/strong><\/p>\n<p style=\"text-align: justify;\"><strong>DESIGNAR<\/strong> o <strong>Sr. EDVALDO MACEDO RIBEIRO J\u00daNIOR, <\/strong>para responder, em car\u00e1ter prec\u00e1rio e interinamente, em confian\u00e7a do Poder P\u00fablico, at\u00e9 ulterior provimento da titularidade do servi\u00e7o mediante investidura nos moldes constitucionais (CRFB\/1988, art. 236, \u00a7 3\u00ba), pelo Cart\u00f3rio de Registro Civil e Tabelionato de Notas do distrito de Monte Carmelo, Comarca de Alto Rio Novo\/ES, a partir de 31\/07\/2014.<\/p>\n<p style=\"text-align: justify;\">Publique-se.<\/p>\n<p style=\"text-align: justify;\">Vit\u00f3ria-ES, 21 de novembro de 2014.<\/p>\n<p style=\"text-align: center;\"><strong>CARLOS ROBERTO MIGNONE<br \/>\nCorregedor-Geral da Justi\u00e7a<\/strong><\/p>\n","protected":false},"excerpt":{"rendered":"<p>CORREGEDORIA GERAL DA JUSTI\u00c7A PODER JUDICI\u00c1RIO ESTADO DO ESP\u00cdRITO SANTO Coordenadoria de Monitoramento do Foro Judicial e Extrajudicial ATO N\u00ba 88\/2014 O Excelent\u00edssimo Senhor Desembargador Corregedor-Geral da Justi\u00e7a, no uso de suas atribui\u00e7\u00f5es legais e de acordo com Decis\u00e3o exarada nos autos do Processo Administrativo n\u00ba. 2014.01.012.211 (0706865) desta Corregedoria. RESOLVE: DESIGNAR o Sr. EDVALDO [&hellip;]<\/p>\n","protected":false},"author":3,"featured_media":0,"comment_status":"open","ping_status":"open","sticky":false,"template":"","format":"standard","meta":{"footnotes":""},"categories":[18],"tags":[],"_links":{"self":[{"href":"https:\/\/www.tjes.jus.br\/corregedoria\/wp-json\/wp\/v2\/posts\/23466"}],"collection":[{"href":"https:\/\/www.tjes.jus.br\/corregedoria\/wp-json\/wp\/v2\/posts"}],"about":[{"href":"https:\/\/www.tjes.jus.br\/corregedoria\/wp-json\/wp\/v2\/types\/post"}],"author":[{"embeddable":true,"href":"https:\/\/www.tjes.jus.br\/corregedoria\/wp-json\/wp\/v2\/users\/3"}],"replies":[{"embeddable":true,"href":"https:\/\/www.tjes.jus.br\/corregedoria\/wp-json\/wp\/v2\/comments?post=23466"}],"version-history":[{"count":1,"href":"https:\/\/www.tjes.jus.br\/corregedoria\/wp-json\/wp\/v2\/posts\/23466\/revisions"}],"predecessor-version":[{"id":23467,"href":"https:\/\/www.tjes.jus.br\/corregedoria\/wp-json\/wp\/v2\/posts\/23466\/revisions\/23467"}],"wp:attachment":[{"href":"https:\/\/www.tjes.jus.br\/corregedoria\/wp-json\/wp\/v2\/media?parent=23466"}],"wp:term":[{"taxonomy":"category","embeddable":true,"href":"https:\/\/www.tjes.jus.br\/corregedoria\/wp-json\/wp\/v2\/categories?post=23466"},{"taxonomy":"post_tag","embeddable":true,"href":"https:\/\/www.tjes.jus.br\/corregedoria\/wp-json\/wp\/v2\/tags?post=23466"}],"curies":[{"name":"wp","href":"https:\/\/api.w.org\/{rel}","templated":true}]}}