{"id":23570,"date":"2018-03-22T12:35:31","date_gmt":"2018-03-22T15:35:31","guid":{"rendered":"https:\/\/www.tjes.jus.br\/corregedoria\/?p=23570"},"modified":"2018-03-22T12:35:31","modified_gmt":"2018-03-22T15:35:31","slug":"ato-normativo-no-060-2018-disp-22-03-2018","status":"publish","type":"post","link":"https:\/\/www.tjes.jus.br\/corregedoria\/2018\/03\/22\/ato-normativo-no-060-2018-disp-22-03-2018\/","title":{"rendered":"ATO NORMATIVO N\u00ba 060\/2018 &#8211; DISP. 22\/03\/2018"},"content":{"rendered":"<p style=\"text-align: center;\"><strong>ESTADO DO ESP\u00cdRITO SANTO<\/strong><\/p>\n<p style=\"text-align: center;\"><strong>PODER JUDICI\u00c1RIO<\/strong><\/p>\n<p style=\"text-align: center;\"><strong>TRIBUNAL DE JUSTI\u00c7A<\/strong><\/p>\n<p style=\"text-align: center;\"><strong><em>GABINETE DA PRESID\u00caNCIA<\/em><\/strong><\/p>\n<p style=\"text-align: center;\"><strong>ATO NORMATIVO N\u00ba 060\/2018<\/strong><\/p>\n<p style=\"text-align: justify;\">O Excelent\u00edssimo Senhor Desembargador S\u00e9rgio Luiz Teixeira Gama, Presidente do Egr\u00e9gio Tribunal de Justi\u00e7a do Estado do Esp\u00edrito Santo, no uso de suas atribui\u00e7\u00f5es legais,<\/p>\n<p style=\"text-align: justify;\"><strong>CONSIDERANDO<\/strong> o teor dos expedientes protocolados neste Egr\u00e9gio Tribunal de Justi\u00e7a sob os n\u00fameros 2018.00.386.876 e 2018.00.394.169, subscritos pelo Exmo. Sr. Dr. Ralfh Rocha de Souza, Juiz de Direito titular da Vara \u00danica da Comarca de Rio Novo do Sul, comunicando que os trabalhos de limpeza e reparos do pr\u00e9dio, de materiais e de autos processuais ainda est\u00e3o em andamento devido \u00e0 ocorr\u00eancia do alagamento no F\u00f3rum devido \u00e0s fortes chuvas ocorridas durante o final de semana (17 e 18 de Mar\u00e7o);<\/p>\n<p style=\"text-align: justify;\"><strong>RESOLVE<\/strong>:<\/p>\n<p style=\"text-align: justify;\"><strong>Art. 1\u00ba<\/strong>. <strong>CONSIDERAR SUSPENSOS<\/strong> os prazos processuais na Comarca de Rio Novo do Sul na data de 21 de Mar\u00e7o de 2018.<\/p>\n<p style=\"text-align: justify;\"><strong>Art. 2\u00ba<\/strong>. <strong>SUSPENDER<\/strong> os prazos processuais e o atendimento ao p\u00fablico na Comarca de Rio Novo do Sul na data de 22 de Mar\u00e7o de 2018.<\/p>\n<p style=\"text-align: justify;\"><strong>Art. 3\u00ba<\/strong>. As medidas de urg\u00eancias ser\u00e3o apreciadas pelo MM. Juiz de Direito da pr\u00f3pria Comarca, tendo em vista a exist\u00eancia de acesso ao segundo pavimento.<\/p>\n<p style=\"text-align: justify;\"><strong>Publique-se.<\/strong><\/p>\n<p style=\"text-align: justify;\">Vit\u00f3ria, 21 de Mar\u00e7o de 2018.<\/p>\n<p style=\"text-align: center;\"><strong>Desembargador S\u00c9RGIO LUIZ TEIXEIRA GAMA<br \/>\nPresidente<\/strong><\/p>\n","protected":false},"excerpt":{"rendered":"<p>ESTADO DO ESP\u00cdRITO SANTO PODER JUDICI\u00c1RIO TRIBUNAL DE JUSTI\u00c7A GABINETE DA PRESID\u00caNCIA ATO NORMATIVO N\u00ba 060\/2018 O Excelent\u00edssimo Senhor Desembargador S\u00e9rgio Luiz Teixeira Gama, Presidente do Egr\u00e9gio Tribunal de Justi\u00e7a do Estado do Esp\u00edrito Santo, no uso de suas atribui\u00e7\u00f5es legais, CONSIDERANDO o teor dos expedientes protocolados neste Egr\u00e9gio Tribunal de Justi\u00e7a sob os n\u00fameros [&hellip;]<\/p>\n","protected":false},"author":3,"featured_media":0,"comment_status":"open","ping_status":"open","sticky":false,"template":"","format":"standard","meta":{"footnotes":""},"categories":[4],"tags":[],"_links":{"self":[{"href":"https:\/\/www.tjes.jus.br\/corregedoria\/wp-json\/wp\/v2\/posts\/23570"}],"collection":[{"href":"https:\/\/www.tjes.jus.br\/corregedoria\/wp-json\/wp\/v2\/posts"}],"about":[{"href":"https:\/\/www.tjes.jus.br\/corregedoria\/wp-json\/wp\/v2\/types\/post"}],"author":[{"embeddable":true,"href":"https:\/\/www.tjes.jus.br\/corregedoria\/wp-json\/wp\/v2\/users\/3"}],"replies":[{"embeddable":true,"href":"https:\/\/www.tjes.jus.br\/corregedoria\/wp-json\/wp\/v2\/comments?post=23570"}],"version-history":[{"count":1,"href":"https:\/\/www.tjes.jus.br\/corregedoria\/wp-json\/wp\/v2\/posts\/23570\/revisions"}],"predecessor-version":[{"id":23571,"href":"https:\/\/www.tjes.jus.br\/corregedoria\/wp-json\/wp\/v2\/posts\/23570\/revisions\/23571"}],"wp:attachment":[{"href":"https:\/\/www.tjes.jus.br\/corregedoria\/wp-json\/wp\/v2\/media?parent=23570"}],"wp:term":[{"taxonomy":"category","embeddable":true,"href":"https:\/\/www.tjes.jus.br\/corregedoria\/wp-json\/wp\/v2\/categories?post=23570"},{"taxonomy":"post_tag","embeddable":true,"href":"https:\/\/www.tjes.jus.br\/corregedoria\/wp-json\/wp\/v2\/tags?post=23570"}],"curies":[{"name":"wp","href":"https:\/\/api.w.org\/{rel}","templated":true}]}}