{"id":23658,"date":"2018-03-23T17:02:38","date_gmt":"2018-03-23T20:02:38","guid":{"rendered":"https:\/\/www.tjes.jus.br\/corregedoria\/?p=23658"},"modified":"2019-03-22T14:44:48","modified_gmt":"2019-03-22T17:44:48","slug":"ato-normativo-no-063-2018-disp-23-03-2018","status":"publish","type":"post","link":"https:\/\/www.tjes.jus.br\/corregedoria\/2018\/03\/23\/ato-normativo-no-063-2018-disp-23-03-2018\/","title":{"rendered":"ATO NORMATIVO N\u00ba 063\/2018 &#8211; DISP. 23\/03\/2018"},"content":{"rendered":"<p style=\"text-align: center;\"><strong>ESTADO DO ESP\u00cdRITO SANTO<\/strong><\/p>\n<p style=\"text-align: center;\"><strong>PODER JUDICI\u00c1RIO<\/strong><\/p>\n<p style=\"text-align: center;\"><strong>TRIBUNAL DE JUSTI\u00c7A<\/strong><\/p>\n<p style=\"text-align: center;\"><strong>ATO NORMATIVO N\u00ba 063\/2018<\/strong><\/p>\n<p style=\"text-align: justify;\">O Exmo. Sr. Desembargador S\u00c9RGIO LUIZ TEIXEIRA GAMA, Presidente do Egr\u00e9gio Tribunal de Justi\u00e7a do Estado do Esp\u00edrito Santo, no uso de suas atribui\u00e7\u00f5es legais, e<\/p>\n<p style=\"text-align: justify;\"><strong>RESOLVE:<\/strong><\/p>\n<p style=\"text-align: justify;\"><strong>Art. 1\u00ba <\/strong>&#8211; <strong>ALTERAR<\/strong> o <a href=\"https:\/\/www.tjes.jus.br\/corregedoria\/2017\/03\/20\/ato-normativo-no-0302017-disp-20032017\/\" target=\"_blank\" rel=\"noopener\">Ato Normativo n\u00ba 030\/2017<\/a>, publicado no Di\u00e1rio da Justi\u00e7a de 20\/03\/2017, modificando a composi\u00e7\u00e3o da 1\u00aa e 2\u00aa Equipes de Preg\u00e3o deste Egr\u00e9gio Tribunal de Justi\u00e7a, que passar\u00e3o a ser:<\/p>\n<p style=\"text-align: justify;\"><del><strong>I \u2013 1\u00aa Equipe de Preg\u00e3o<\/strong><\/del><br \/>\n<del>Membros:<\/del><br \/>\n<del>a) Eduardo Ribeiro Rodrigues &#8211; Pregoeiro<\/del><br \/>\n<del>b) Marize Monteiro da Silva \u2013 Equipe de Apoio<\/del><br \/>\n<del>c) Willian Liphaus Almeida \u2013 Equipe de Apoio<\/del><br \/>\n<del>d) Frederico Faria Matos \u2013 Equipe de Apoio<\/del><\/p>\n<p style=\"text-align: justify;\"><del><strong>II \u2013 2\u00aa Equipe de Preg\u00e3o<\/strong><\/del><br \/>\n<del>Membros:<\/del><br \/>\n<del>a) Suzana Martelo de Carvalho &#8211; Pregoeira<\/del><br \/>\n<del>b) Vitor Wright Silva \u2013 Equipe de Apoio<\/del><br \/>\n<del>c) Washington Luiz Alves \u2013 Equipe de Apoio<\/del><br \/>\n<del>d) Duguay Andrade Brunow \u2013 Equipe de Apoio<\/del><\/p>\n<p align=\"justify\">I \u2013 1\u00aa Equipe de Preg\u00e3o<\/p>\n<p align=\"justify\">Membros:<\/p>\n<p align=\"justify\">a) Vitor Wright Silva &#8211; Pregoeiro<\/p>\n<p align=\"justify\">b) Marize Monteiro da Silva \u2013 Equipe de Apoio<\/p>\n<p align=\"justify\">c) Alexandre Laino Martins \u2013 Equipe de Apoio<\/p>\n<p align=\"justify\">d) Paulo Ferreira Santos \u2013 Equipe de Apoio<\/p>\n<p align=\"justify\">\n<p align=\"justify\">II \u2013 2\u00aa Equipe de Preg\u00e3o<\/p>\n<p align=\"justify\">Membros:<\/p>\n<p align=\"justify\">a) Suzana Martelo de Carvalho &#8211; Pregoeira<\/p>\n<p align=\"justify\">b) Willian Liphaus Almeida \u2013 Equipe de Apoio<\/p>\n<p align=\"justify\">c) Washington Luiz Alves \u2013 Equipe de Apoio<\/p>\n<p align=\"justify\">d) Duguay Andrade Brunow \u2013 Equipe de Apoio<\/p>\n<p style=\"text-align: justify;\">Em caso de aus\u00eancia ou impedimento do(s) Pregoeiro(a), este(s) ser\u00e1(\u00e3o) substitu\u00eddo(s) por um dos membros da(s) equipe(s) de apoio, na ordem b, c e d.<\/p>\n<p><span style=\"color: #ff0000;\"><strong>(Alterado pelo <a href=\"https:\/\/www.tjes.jus.br\/corregedoria\/2019\/03\/22\/ato-normativo-no-035-2019-disp-22-03-2019\/\">Ato Normativo N\u00b0 35\/2019<\/a>)<\/strong><\/span><\/p>\n<p style=\"text-align: justify;\"><strong>Art. 2\u00ba<\/strong>. Ficam revogadas as disposi\u00e7\u00f5es em contr\u00e1rio.<\/p>\n<p style=\"text-align: justify;\"><strong>Art. 3\u00ba<\/strong>. Este ato entra em vigor na data de sua publica\u00e7\u00e3o.<\/p>\n<p style=\"text-align: justify;\"><strong>Publique-se<\/strong>.<\/p>\n<p style=\"text-align: justify;\">Vitoria, 22 de mar\u00e7o de 2018.<\/p>\n<p style=\"text-align: center;\"><strong>DES. S\u00c9RGIO LUIZ TEIXEIRA GAMA<br \/>\nPRESIDENTE<\/strong><\/p>\n","protected":false},"excerpt":{"rendered":"<p>ESTADO DO ESP\u00cdRITO SANTO PODER JUDICI\u00c1RIO TRIBUNAL DE JUSTI\u00c7A ATO NORMATIVO N\u00ba 063\/2018 O Exmo. Sr. Desembargador S\u00c9RGIO LUIZ TEIXEIRA GAMA, Presidente do Egr\u00e9gio Tribunal de Justi\u00e7a do Estado do Esp\u00edrito Santo, no uso de suas atribui\u00e7\u00f5es legais, e RESOLVE: Art. 1\u00ba &#8211; ALTERAR o Ato Normativo n\u00ba 030\/2017, publicado no Di\u00e1rio da Justi\u00e7a de [&hellip;]<\/p>\n","protected":false},"author":3,"featured_media":0,"comment_status":"open","ping_status":"open","sticky":false,"template":"","format":"standard","meta":{"footnotes":""},"categories":[4],"tags":[],"_links":{"self":[{"href":"https:\/\/www.tjes.jus.br\/corregedoria\/wp-json\/wp\/v2\/posts\/23658"}],"collection":[{"href":"https:\/\/www.tjes.jus.br\/corregedoria\/wp-json\/wp\/v2\/posts"}],"about":[{"href":"https:\/\/www.tjes.jus.br\/corregedoria\/wp-json\/wp\/v2\/types\/post"}],"author":[{"embeddable":true,"href":"https:\/\/www.tjes.jus.br\/corregedoria\/wp-json\/wp\/v2\/users\/3"}],"replies":[{"embeddable":true,"href":"https:\/\/www.tjes.jus.br\/corregedoria\/wp-json\/wp\/v2\/comments?post=23658"}],"version-history":[{"count":3,"href":"https:\/\/www.tjes.jus.br\/corregedoria\/wp-json\/wp\/v2\/posts\/23658\/revisions"}],"predecessor-version":[{"id":26607,"href":"https:\/\/www.tjes.jus.br\/corregedoria\/wp-json\/wp\/v2\/posts\/23658\/revisions\/26607"}],"wp:attachment":[{"href":"https:\/\/www.tjes.jus.br\/corregedoria\/wp-json\/wp\/v2\/media?parent=23658"}],"wp:term":[{"taxonomy":"category","embeddable":true,"href":"https:\/\/www.tjes.jus.br\/corregedoria\/wp-json\/wp\/v2\/categories?post=23658"},{"taxonomy":"post_tag","embeddable":true,"href":"https:\/\/www.tjes.jus.br\/corregedoria\/wp-json\/wp\/v2\/tags?post=23658"}],"curies":[{"name":"wp","href":"https:\/\/api.w.org\/{rel}","templated":true}]}}