{"id":23806,"date":"2018-04-16T12:37:52","date_gmt":"2018-04-16T15:37:52","guid":{"rendered":"https:\/\/www.tjes.jus.br\/corregedoria\/?p=23806"},"modified":"2018-04-16T12:37:52","modified_gmt":"2018-04-16T15:37:52","slug":"informe-sobre-o-expediente-nesta-segunda-feira-16-04","status":"publish","type":"post","link":"https:\/\/www.tjes.jus.br\/corregedoria\/2018\/04\/16\/informe-sobre-o-expediente-nesta-segunda-feira-16-04\/","title":{"rendered":"Informe sobre o expediente nesta segunda-feira (16\/04)"},"content":{"rendered":"<p align=\"center\"><img loading=\"lazy\" decoding=\"async\" class=\"alignnone size-medium wp-image-14421\" src=\"https:\/\/www.tjes.jus.br\/corregedoria\/wp-content\/uploads\/2017\/04\/writing-933262_1920-300x200.jpg\" alt=\"\" width=\"300\" height=\"200\" srcset=\"https:\/\/www.tjes.jus.br\/corregedoria\/wp-content\/uploads\/2017\/04\/writing-933262_1920-300x200.jpg 300w, https:\/\/www.tjes.jus.br\/corregedoria\/wp-content\/uploads\/2017\/04\/writing-933262_1920.jpg 1920w\" sizes=\"(max-width: 300px) 100vw, 300px\" \/><\/p>\n<p align=\"center\"><strong>Poder Judici\u00e1rio do Estado<\/strong><\/p>\n<p align=\"center\"><strong>do Esp\u00edrito Santo<\/strong><\/p>\n<p align=\"center\"><strong>Corregedoria Geral da Justi\u00e7a<\/strong><\/p>\n<p align=\"center\"><strong>Informe sobre o expediente nesta segunda-feira (16\/04)<\/strong><\/p>\n<p align=\"center\">A Corregedoria Geral da Justi\u00e7a informa que em virtude das fortes chuvas que atingem a regi\u00e3o da Capital do Estado <b>est\u00e1 suspenso o expediente na sede da Corregedoria Geral de Justi\u00e7a<\/b>, bem como os prazos pertinentes.<\/p>\n<p align=\"center\">O Ato de suspens\u00e3o do expediente e dos prazos processuais sair\u00e1 publicado posteriormente no Di\u00e1rio da Justi\u00e7a.<\/p>\n<p align=\"center\">Vit\u00f3ria, 16 de abril de 2018.<\/p>\n","protected":false},"excerpt":{"rendered":"<p>Poder Judici\u00e1rio do Estado do Esp\u00edrito Santo Corregedoria Geral da Justi\u00e7a Informe sobre o expediente nesta segunda-feira (16\/04) A Corregedoria Geral da Justi\u00e7a informa que em virtude das fortes chuvas que atingem a regi\u00e3o da Capital do Estado est\u00e1 suspenso o expediente na sede da Corregedoria Geral de Justi\u00e7a, bem como os prazos pertinentes. O [&hellip;]<\/p>\n","protected":false},"author":8,"featured_media":0,"comment_status":"open","ping_status":"open","sticky":false,"template":"","format":"standard","meta":{"footnotes":""},"categories":[1],"tags":[],"_links":{"self":[{"href":"https:\/\/www.tjes.jus.br\/corregedoria\/wp-json\/wp\/v2\/posts\/23806"}],"collection":[{"href":"https:\/\/www.tjes.jus.br\/corregedoria\/wp-json\/wp\/v2\/posts"}],"about":[{"href":"https:\/\/www.tjes.jus.br\/corregedoria\/wp-json\/wp\/v2\/types\/post"}],"author":[{"embeddable":true,"href":"https:\/\/www.tjes.jus.br\/corregedoria\/wp-json\/wp\/v2\/users\/8"}],"replies":[{"embeddable":true,"href":"https:\/\/www.tjes.jus.br\/corregedoria\/wp-json\/wp\/v2\/comments?post=23806"}],"version-history":[{"count":2,"href":"https:\/\/www.tjes.jus.br\/corregedoria\/wp-json\/wp\/v2\/posts\/23806\/revisions"}],"predecessor-version":[{"id":23808,"href":"https:\/\/www.tjes.jus.br\/corregedoria\/wp-json\/wp\/v2\/posts\/23806\/revisions\/23808"}],"wp:attachment":[{"href":"https:\/\/www.tjes.jus.br\/corregedoria\/wp-json\/wp\/v2\/media?parent=23806"}],"wp:term":[{"taxonomy":"category","embeddable":true,"href":"https:\/\/www.tjes.jus.br\/corregedoria\/wp-json\/wp\/v2\/categories?post=23806"},{"taxonomy":"post_tag","embeddable":true,"href":"https:\/\/www.tjes.jus.br\/corregedoria\/wp-json\/wp\/v2\/tags?post=23806"}],"curies":[{"name":"wp","href":"https:\/\/api.w.org\/{rel}","templated":true}]}}