{"id":23812,"date":"2018-04-17T12:14:56","date_gmt":"2018-04-17T15:14:56","guid":{"rendered":"https:\/\/www.tjes.jus.br\/corregedoria\/?p=23812"},"modified":"2018-04-17T12:18:30","modified_gmt":"2018-04-17T15:18:30","slug":"ato-normativo-no-077-2018-disp-17-04-2018","status":"publish","type":"post","link":"https:\/\/www.tjes.jus.br\/corregedoria\/2018\/04\/17\/ato-normativo-no-077-2018-disp-17-04-2018\/","title":{"rendered":"ATO NORMATIVO N\u00ba 077\/2018 &#8211; DISP. 17\/04\/2018"},"content":{"rendered":"<p style=\"text-align: center;\"><strong>ESTADO DO ESP\u00cdRITO SANTO<\/strong><\/p>\n<p style=\"text-align: center;\"><strong>PODER JUDICI\u00c1RIO<\/strong><\/p>\n<p style=\"text-align: center;\"><strong>TRIBUNAL DE JUSTI\u00c7A<\/strong><\/p>\n<p style=\"text-align: center;\"><strong>GABINETE DA PRESID\u00caNCIA<\/strong><\/p>\n<p style=\"text-align: center;\"><strong>ATO NORMATIVO N\u00ba 077\/2018<\/strong><\/p>\n<p style=\"text-align: justify;\">O Excelent\u00edssimo Senhor Desembargador S\u00c9RGIO LUIZ TEIXEIRA GAMA, Presidente do Egr\u00e9gio Tribunal de Justi\u00e7a do Estado do Esp\u00edrito Santo, no uso de suas atribui\u00e7\u00f5es legais e,<\/p>\n<p style=\"text-align: justify;\"><strong>CONSIDERANDO<\/strong> o disposto no art. 58, da Resolu\u00e7\u00e3o n\u00ba 15\/95 \u2013 Regimento Interno do Tribunal de Justi\u00e7a do Estado do Esp\u00edrito Santo \u2013 que atribui ao Presidente do Egr\u00e9gio Tribunal de Justi\u00e7a compet\u00eancia geral para exercer a superintend\u00eancia de todo servi\u00e7o judici\u00e1rio, na qualidade de Chefe do Poder Judici\u00e1rio Estadual;<\/p>\n<p style=\"text-align: justify;\"><strong>CONSIDERANDO<\/strong> a edi\u00e7\u00e3o do <a href=\"https:\/\/www.tjes.jus.br\/corregedoria\/2017\/12\/13\/ato-normativo-no-2172017-disp-13122017\/\" target=\"_blank\" rel=\"noopener\">Ato Normativo n\u00ba 217\/2017<\/a>, publicado no Di\u00e1rio da Justi\u00e7a em 13 de dezembro de 2017;<\/p>\n<p style=\"text-align: justify;\"><strong>CONSIDERANDO<\/strong> o Procedimento de Controle Administrativo n\u00ba 0001443-83.2018.2.00.0000, proposto pela Ordem dos Advogados do Brasil \u2013 Seccional do Esp\u00edrito Santo junto ao Colendo Conselho Nacional de Justi\u00e7a;<\/p>\n<p style=\"text-align: justify;\"><strong>RESOLVE<\/strong>:<\/p>\n<p style=\"text-align: justify;\"><strong>Art. 1\u00ba<\/strong>. O Anexo \u00danico, do <a href=\"https:\/\/www.tjes.jus.br\/corregedoria\/2017\/12\/13\/ato-normativo-no-2172017-disp-13122017\/\" target=\"_blank\" rel=\"noopener\">Ato Normativo n\u00ba 217\/2017<\/a>, publicado no Di\u00e1rio da Justi\u00e7a em 13\/12\/2017, passa a vigorar com a seguinte reda\u00e7\u00e3o:<\/p>\n<p style=\"text-align: justify;\"><strong>Janeiro<\/strong><\/p>\n<p style=\"text-align: justify;\">01 (segunda-feira) \u2013 Confraterniza\u00e7\u00e3o Universal \u2013 art. 1\u00ba, da Lei Federal n\u00ba 662\/1949, alterada pela Lei Federal n\u00ba 10.607\/2002;<\/p>\n<p style=\"text-align: justify;\"><strong>Fevereiro<\/strong><\/p>\n<p style=\"text-align: justify;\">12 e 13 (segunda e ter\u00e7a-feira) \u2013 Carnaval \u2013 art. 141, da Lei Complementar Estadual n\u00ba 234\/2002;<\/p>\n<p style=\"text-align: justify;\">14 (quarta-feira) \u2013 Quarta-Feira de Cinzas \u2013 art. 141, da Lei Complementar Estadual n\u00ba 234\/2002.<\/p>\n<p style=\"text-align: justify;\"><strong>Mar\u00e7o<\/strong><\/p>\n<p style=\"text-align: justify;\">29 (quinta-feira) \u2013 Quinta-Feira Santa \u2013 art. 141, da Lei Complementar Estadual n\u00ba 234\/2002;<\/p>\n<p style=\"text-align: justify;\">30 (sexta-feira) \u2013 Sexta-Feira da Paix\u00e3o \u2013 art. 141, da Lei Complementar Estadual n\u00ba 234\/2002.<\/p>\n<p style=\"text-align: justify;\"><strong>Abril<\/strong><\/p>\n<p style=\"text-align: justify;\">09 (segunda-feira) \u2013 Nossa Senhora da Penha \u2013 art. 1\u00ba, da Lei Municipal n\u00ba 1.732\/1967;<\/p>\n<p style=\"text-align: justify;\">21 (s\u00e1bado) \u2013 Tiradentes \u2013 art. 1\u00ba, da Lei Federal n\u00ba 662\/1949, alterada pela Lei Federal n\u00ba 10.607\/2002;<\/p>\n<p style=\"text-align: justify;\">30 (segunda-feira) \u2013 Ponto Facultativo (sem expediente).<\/p>\n<p style=\"text-align: justify;\"><strong>Maio<\/strong><\/p>\n<p style=\"text-align: justify;\">01 (ter\u00e7a-feira) \u2013 Dia do Trabalho \u2013 art. 1\u00ba, da Lei Federal n\u00ba 662\/1949, alterada pela Lei Federal n\u00ba 10.607\/2002.<\/p>\n<p style=\"text-align: justify;\"><strong>Agosto<\/strong><\/p>\n<p style=\"text-align: justify;\">11 (s\u00e1bado) \u2013 Dia do Advogado \u2013 art. 141, da Lei Complementar Estadual n\u00ba 234\/2002.<\/p>\n<p style=\"text-align: justify;\"><strong>Setembro<\/strong><\/p>\n<p style=\"text-align: justify;\">07 (sexta-feira) \u2013 Independ\u00eancia do Brasil \u2013 art. 1\u00ba, da Lei Federal n\u00ba 662\/1949, alterada pela Lei Federal n\u00ba 10.607\/2002.<\/p>\n<p style=\"text-align: justify;\"><strong>Outubro<\/strong><\/p>\n<p style=\"text-align: justify;\">12 (sexta-feira) \u2013 Nossa Senhora Aparecida \u2013 art. 1\u00ba, da Lei Federal n\u00ba 6.802\/1980 e art. 141, da Lei Complementar Estadual n\u00ba 234\/2002;<\/p>\n<p style=\"text-align: justify;\">28 (domingo) \u2013 Dia do Servidor P\u00fablico \u2013 art. 236, da Lei Federal n\u00ba 8.112\/90 e art. 293 da Lei Complementar Estadual n\u00ba 46\/1994.<\/p>\n<p style=\"text-align: justify;\"><strong>Novembro<\/strong><\/p>\n<p style=\"text-align: justify;\">02 (sexta-feira) \u2013 Finados \u2013 art. 1\u00ba, da Lei Federal n\u00ba 662\/1949 (alterada pela Lei Federal n\u00ba 10.607\/2002);<\/p>\n<p style=\"text-align: justify;\">15 (quinta-feira) \u2013 Proclama\u00e7\u00e3o da Rep\u00fablica \u2013 art. 1\u00ba, da Lei Federal n\u00ba 662\/1949, alterada pela Lei Federal n\u00ba 10.607\/2002;<\/p>\n<p style=\"text-align: justify;\">16 (sexta-feira) \u2013 Ponto Facultativo (sem expediente).<\/p>\n<p style=\"text-align: justify;\"><strong>Dezembro<\/strong><\/p>\n<p style=\"text-align: justify;\">08 (s\u00e1bado) \u2013 Dia da Justi\u00e7a \u2013 art. 141, da Lei Complementar Estadual n\u00ba 234\/2002;<\/p>\n<p style=\"text-align: justify;\">24 (segunda-feira) \u2013 Ponto Facultativo (sem expediente);<\/p>\n<p style=\"text-align: justify;\">25 (ter\u00e7a-feira) \u2013 Natal \u2013 art. 1\u00ba, da Lei Federal n\u00ba 662\/1949, alterada pela Lei Federal n\u00ba 10.607\/2002;<\/p>\n<p style=\"text-align: justify;\">31 (segunda-feira) \u2013 Ponto Facultativo (sem expediente).<\/p>\n<p style=\"text-align: justify;\"><strong>Art. 2\u00ba<\/strong>. Os feriados e pontos facultativos discriminados no art. 1\u00ba do presente Ato Normativo s\u00e3o de abrang\u00eancia em todo o Poder Judici\u00e1rio do Estado do Esp\u00edrito Santo, sem preju\u00edzo daqueles feriados de cada Munic\u00edpio sede de Comarca e\/ou Ju\u00edzo.<\/p>\n<p style=\"text-align: justify;\"><strong>Art. 3\u00ba<\/strong>. O presente Ato Normativo entra em vigor na data de sua publica\u00e7\u00e3o.<\/p>\n<p style=\"text-align: justify;\"><strong>Publique-se<\/strong>.<\/p>\n<p style=\"text-align: justify;\">Vit\u00f3ria\/ES, 12 de abril de 2018.<\/p>\n<p style=\"text-align: center;\"><strong>Des. S\u00c9RGIO LUIZ TEIXEIRA GAMA<\/strong><br \/>\n<strong>Presidente<br \/>\n<\/strong><\/p>\n","protected":false},"excerpt":{"rendered":"<p>ESTADO DO ESP\u00cdRITO SANTO PODER JUDICI\u00c1RIO TRIBUNAL DE JUSTI\u00c7A GABINETE DA PRESID\u00caNCIA ATO NORMATIVO N\u00ba 077\/2018 O Excelent\u00edssimo Senhor Desembargador S\u00c9RGIO LUIZ TEIXEIRA GAMA, Presidente do Egr\u00e9gio Tribunal de Justi\u00e7a do Estado do Esp\u00edrito Santo, no uso de suas atribui\u00e7\u00f5es legais e, CONSIDERANDO o disposto no art. 58, da Resolu\u00e7\u00e3o n\u00ba 15\/95 \u2013 Regimento Interno [&hellip;]<\/p>\n","protected":false},"author":3,"featured_media":0,"comment_status":"open","ping_status":"open","sticky":false,"template":"","format":"standard","meta":{"footnotes":""},"categories":[4,14],"tags":[],"_links":{"self":[{"href":"https:\/\/www.tjes.jus.br\/corregedoria\/wp-json\/wp\/v2\/posts\/23812"}],"collection":[{"href":"https:\/\/www.tjes.jus.br\/corregedoria\/wp-json\/wp\/v2\/posts"}],"about":[{"href":"https:\/\/www.tjes.jus.br\/corregedoria\/wp-json\/wp\/v2\/types\/post"}],"author":[{"embeddable":true,"href":"https:\/\/www.tjes.jus.br\/corregedoria\/wp-json\/wp\/v2\/users\/3"}],"replies":[{"embeddable":true,"href":"https:\/\/www.tjes.jus.br\/corregedoria\/wp-json\/wp\/v2\/comments?post=23812"}],"version-history":[{"count":3,"href":"https:\/\/www.tjes.jus.br\/corregedoria\/wp-json\/wp\/v2\/posts\/23812\/revisions"}],"predecessor-version":[{"id":23816,"href":"https:\/\/www.tjes.jus.br\/corregedoria\/wp-json\/wp\/v2\/posts\/23812\/revisions\/23816"}],"wp:attachment":[{"href":"https:\/\/www.tjes.jus.br\/corregedoria\/wp-json\/wp\/v2\/media?parent=23812"}],"wp:term":[{"taxonomy":"category","embeddable":true,"href":"https:\/\/www.tjes.jus.br\/corregedoria\/wp-json\/wp\/v2\/categories?post=23812"},{"taxonomy":"post_tag","embeddable":true,"href":"https:\/\/www.tjes.jus.br\/corregedoria\/wp-json\/wp\/v2\/tags?post=23812"}],"curies":[{"name":"wp","href":"https:\/\/api.w.org\/{rel}","templated":true}]}}