{"id":23819,"date":"2018-04-17T12:34:58","date_gmt":"2018-04-17T15:34:58","guid":{"rendered":"https:\/\/www.tjes.jus.br\/corregedoria\/?p=23819"},"modified":"2018-04-17T12:34:58","modified_gmt":"2018-04-17T15:34:58","slug":"ato-normativo-no-078-2018-disp-17-04-2018","status":"publish","type":"post","link":"https:\/\/www.tjes.jus.br\/corregedoria\/2018\/04\/17\/ato-normativo-no-078-2018-disp-17-04-2018\/","title":{"rendered":"ATO NORMATIVO N\u00ba 078\/2018 &#8211; DISP. 17\/04\/2018"},"content":{"rendered":"<p style=\"text-align: center;\"><strong>ESTADO DO ESP\u00cdRITO SANTO<\/strong><\/p>\n<p style=\"text-align: center;\"><strong>PODER JUDICI\u00c1RIO<\/strong><\/p>\n<p style=\"text-align: center;\"><strong>TRIBUNAL DE JUSTI\u00c7A<\/strong><\/p>\n<p style=\"text-align: center;\"><strong><em>GABINETE DA PRESID\u00caNCIA<\/em><\/strong><\/p>\n<p style=\"text-align: center;\"><strong>ATO NORMATIVO N\u00ba 078\/2018<\/strong><\/p>\n<p style=\"text-align: justify;\">O Excelent\u00edssimo Senhor Desembargador NEY BATISTA COUTINHO, VICE PRESIDENTE do Egr\u00e9gio Tribunal de Justi\u00e7a do Estado do Esp\u00edrito Santo, no uso de suas atribui\u00e7\u00f5es legais e,<\/p>\n<p style=\"text-align: justify;\"><strong>CONSIDERANDO<\/strong> as fortes chuvas que atingem a regi\u00e3o da Capital do Estado, com alagamento de ruas, impedindo a circula\u00e7\u00e3o de pessoas e ve\u00edculos em diversos bairros, o que inviabiliza o regular desempenho das atividades forenses;<\/p>\n<p style=\"text-align: justify;\"><strong>RESOLVE<\/strong>:<\/p>\n<p style=\"text-align: justify;\"><strong>Art. 1\u00ba<\/strong>. <strong>DETERMINAR<\/strong> a suspens\u00e3o do expediente forense no dia 16 de abril de 2018 na sede do Tribunal de Justi\u00e7a, bem como em todas as Unidades Judici\u00e1rias de Vit\u00f3ria, Vila Velha, Serra, Cariacica e Viana, restando, de conseguinte, suspensos os atos e prazos processuais.<\/p>\n<p style=\"text-align: justify;\"><strong>Art. 2\u00ba<\/strong>. <strong>DETERMINAR<\/strong> que o dia n\u00e3o trabalhado dever\u00e1 ser compensado ao longo dos 06 (seis) dias \u00fateis seguintes, por meio da extens\u00e3o da jornada de trabalho em 01 (uma) hora, cabendo \u00e0s chefias imediatas a atribui\u00e7\u00e3o de observar o rigoroso cumprimento da carga hor\u00e1ria.<\/p>\n<p style=\"text-align: justify;\">Publique-se.<\/p>\n<p style=\"text-align: justify;\">Vit\u00f3ria, 16 de abril de 2018.<\/p>\n<p style=\"text-align: center;\"><strong>Desembargador NEY BATISTA COUTINHO<br \/>\nPresidente em exerc\u00edcioa<\/strong><\/p>\n","protected":false},"excerpt":{"rendered":"<p>ESTADO DO ESP\u00cdRITO SANTO PODER JUDICI\u00c1RIO TRIBUNAL DE JUSTI\u00c7A GABINETE DA PRESID\u00caNCIA ATO NORMATIVO N\u00ba 078\/2018 O Excelent\u00edssimo Senhor Desembargador NEY BATISTA COUTINHO, VICE PRESIDENTE do Egr\u00e9gio Tribunal de Justi\u00e7a do Estado do Esp\u00edrito Santo, no uso de suas atribui\u00e7\u00f5es legais e, CONSIDERANDO as fortes chuvas que atingem a regi\u00e3o da Capital do Estado, com [&hellip;]<\/p>\n","protected":false},"author":3,"featured_media":0,"comment_status":"open","ping_status":"open","sticky":false,"template":"","format":"standard","meta":{"footnotes":""},"categories":[4],"tags":[],"_links":{"self":[{"href":"https:\/\/www.tjes.jus.br\/corregedoria\/wp-json\/wp\/v2\/posts\/23819"}],"collection":[{"href":"https:\/\/www.tjes.jus.br\/corregedoria\/wp-json\/wp\/v2\/posts"}],"about":[{"href":"https:\/\/www.tjes.jus.br\/corregedoria\/wp-json\/wp\/v2\/types\/post"}],"author":[{"embeddable":true,"href":"https:\/\/www.tjes.jus.br\/corregedoria\/wp-json\/wp\/v2\/users\/3"}],"replies":[{"embeddable":true,"href":"https:\/\/www.tjes.jus.br\/corregedoria\/wp-json\/wp\/v2\/comments?post=23819"}],"version-history":[{"count":1,"href":"https:\/\/www.tjes.jus.br\/corregedoria\/wp-json\/wp\/v2\/posts\/23819\/revisions"}],"predecessor-version":[{"id":23820,"href":"https:\/\/www.tjes.jus.br\/corregedoria\/wp-json\/wp\/v2\/posts\/23819\/revisions\/23820"}],"wp:attachment":[{"href":"https:\/\/www.tjes.jus.br\/corregedoria\/wp-json\/wp\/v2\/media?parent=23819"}],"wp:term":[{"taxonomy":"category","embeddable":true,"href":"https:\/\/www.tjes.jus.br\/corregedoria\/wp-json\/wp\/v2\/categories?post=23819"},{"taxonomy":"post_tag","embeddable":true,"href":"https:\/\/www.tjes.jus.br\/corregedoria\/wp-json\/wp\/v2\/tags?post=23819"}],"curies":[{"name":"wp","href":"https:\/\/api.w.org\/{rel}","templated":true}]}}