{"id":23834,"date":"2018-04-18T11:41:57","date_gmt":"2018-04-18T14:41:57","guid":{"rendered":"https:\/\/www.tjes.jus.br\/corregedoria\/?p=23834"},"modified":"2018-04-18T11:52:46","modified_gmt":"2018-04-18T14:52:46","slug":"suscitacao-de-duvida-no-0000351-28-2012-8-08-0042","status":"publish","type":"post","link":"https:\/\/www.tjes.jus.br\/corregedoria\/2018\/04\/18\/suscitacao-de-duvida-no-0000351-28-2012-8-08-0042\/","title":{"rendered":"RIO NOVO DO SUL &#8211; Processo n\u00ba 0000351-28.2012.8.08.0042"},"content":{"rendered":"<p style=\"text-align: center;\"><strong>Suscita\u00e7\u00e3o de D\u00favida n\u00ba 0000351-28.2012.8.08.0042 <\/strong><\/p>\n<p><strong>Origem:\u00a0 RIO NOVO DO SUL\/ES<\/strong><\/p>\n<p><strong>Suscitante: CARTORIO DO PRIMEIRO OFICIO DA COMARCA DE RIO NOVO DO SUL ES<\/strong><\/p>\n<p><strong>Suscitados: Paulo Maraboti <em>e <\/em>Gerusa Shayder Maraboti<\/strong><\/p>\n<p><strong>Juiz: Leonardo Augusto de Oliveira Rangel<\/strong><\/p>\n<p><strong>EMENTA:<\/strong> REGISTROS P\u00daBLICOS. SUSCITA\u00c7\u00c3O DE D\u00daVIDA. REGISTRO DE IM\u00d3VEIS.RETIFICA\u00c7\u00c3O DO REGISTRO DO IM\u00d3VEL. VIA ADMINISTRATIVA. ACR\u00c9SCIMO DE \u00c1REA. INTELIG\u00caNCIA DO ARTIGO 213, II, DA LEI DE REGISTROS P\u00daBLICOS. IMPOSSIBILIDADE DE AQUISI\u00c7\u00c3O DE \u00c1REA. A\u00c7\u00c3O DE USUCAPI\u00c3O. D\u00daVIDA PROCEDENTE.<\/p>\n<h2 style=\"text-align: center;\">\u00cdNTEGRA (<a href=\"https:\/\/www.tjes.jus.br\/corregedoria\/wp-content\/uploads\/2018\/04\/RIO_NOVO_DO_SUL-Processo_00003512820128080042.pdf\">CLIQUE AQUI<\/a>)<\/h2>\n","protected":false},"excerpt":{"rendered":"<p>Suscita\u00e7\u00e3o de D\u00favida n\u00ba 0000351-28.2012.8.08.0042 Origem:\u00a0 RIO NOVO DO SUL\/ES Suscitante: CARTORIO DO PRIMEIRO OFICIO DA COMARCA DE RIO NOVO DO SUL ES Suscitados: Paulo Maraboti e Gerusa Shayder Maraboti Juiz: Leonardo Augusto de Oliveira Rangel EMENTA: REGISTROS P\u00daBLICOS. SUSCITA\u00c7\u00c3O DE D\u00daVIDA. REGISTRO DE IM\u00d3VEIS.RETIFICA\u00c7\u00c3O DO REGISTRO DO IM\u00d3VEL. VIA ADMINISTRATIVA. ACR\u00c9SCIMO DE \u00c1REA. INTELIG\u00caNCIA [&hellip;]<\/p>\n","protected":false},"author":3,"featured_media":0,"comment_status":"open","ping_status":"open","sticky":false,"template":"","format":"standard","meta":{"footnotes":""},"categories":[31],"tags":[],"_links":{"self":[{"href":"https:\/\/www.tjes.jus.br\/corregedoria\/wp-json\/wp\/v2\/posts\/23834"}],"collection":[{"href":"https:\/\/www.tjes.jus.br\/corregedoria\/wp-json\/wp\/v2\/posts"}],"about":[{"href":"https:\/\/www.tjes.jus.br\/corregedoria\/wp-json\/wp\/v2\/types\/post"}],"author":[{"embeddable":true,"href":"https:\/\/www.tjes.jus.br\/corregedoria\/wp-json\/wp\/v2\/users\/3"}],"replies":[{"embeddable":true,"href":"https:\/\/www.tjes.jus.br\/corregedoria\/wp-json\/wp\/v2\/comments?post=23834"}],"version-history":[{"count":2,"href":"https:\/\/www.tjes.jus.br\/corregedoria\/wp-json\/wp\/v2\/posts\/23834\/revisions"}],"predecessor-version":[{"id":23845,"href":"https:\/\/www.tjes.jus.br\/corregedoria\/wp-json\/wp\/v2\/posts\/23834\/revisions\/23845"}],"wp:attachment":[{"href":"https:\/\/www.tjes.jus.br\/corregedoria\/wp-json\/wp\/v2\/media?parent=23834"}],"wp:term":[{"taxonomy":"category","embeddable":true,"href":"https:\/\/www.tjes.jus.br\/corregedoria\/wp-json\/wp\/v2\/categories?post=23834"},{"taxonomy":"post_tag","embeddable":true,"href":"https:\/\/www.tjes.jus.br\/corregedoria\/wp-json\/wp\/v2\/tags?post=23834"}],"curies":[{"name":"wp","href":"https:\/\/api.w.org\/{rel}","templated":true}]}}