{"id":23838,"date":"2018-04-18T11:46:39","date_gmt":"2018-04-18T14:46:39","guid":{"rendered":"https:\/\/www.tjes.jus.br\/corregedoria\/?p=23838"},"modified":"2018-04-18T11:52:21","modified_gmt":"2018-04-18T14:52:21","slug":"suscitacao-de-duvida-no-0000518-40-2015-8-08-01142","status":"publish","type":"post","link":"https:\/\/www.tjes.jus.br\/corregedoria\/2018\/04\/18\/suscitacao-de-duvida-no-0000518-40-2015-8-08-01142\/","title":{"rendered":"RIO NOVO DO SUL &#8211; Processo n\u00ba 0000518-40.2015.8.08.01142"},"content":{"rendered":"<p style=\"text-align: center;\"><strong>Suscita\u00e7\u00e3o de D\u00favida n\u00ba 0000518-40.2015.8.08.01142<\/strong><\/p>\n<p><strong>Origem: RIO NOVO DO SUL\/ES<\/strong><\/p>\n<p><strong>Requerente: CARTORIO DO PRIMEIRO OFICIO DA COMARCA DE RIO NOVO DO SUL ES<\/strong><\/p>\n<p><strong>Juiz: RALFH ROCHA DE SOUZA.<\/strong><\/p>\n<p><strong>EMENTA:<\/strong> REGISTROS P\u00daBLICOS. SUSCITA\u00c7\u00c3O DE D\u00daVIDA. REGISTRO DE IM\u00d3VEIS. ESCRITURA P\u00daBLICA DE COMPRA E VENDA. LAVRATURA MEDIANTE PROCURA\u00c7\u00c3O OUTORGADA PELA VENDEDORA. FALECIMENTO. POSTERIOR RETIFICA\u00c7\u00c3O E RATIFICA\u00c7\u00c3O DA ESCRITURA. NECESSIDADE DE PR\u00c9VIO INVENT\u00c1RIO. PRINC\u00cdPIO DA CONTINUIDADE REGISTRAL. ARTIGOS 195 E 237 DA LEI DE REGISTROS P\u00daBLICOS. REGISTRO NEGADO. D\u00daVIDA PROCEDENTE.<\/p>\n<h2 style=\"text-align: center;\">\u00cdNTEGRA (<a href=\"https:\/\/www.tjes.jus.br\/corregedoria\/wp-content\/uploads\/2018\/04\/RIO_NOVO_DO_SUL-Processo_000051840201580801142.pdf\">CLIQUE AQUI<\/a>)<\/h2>\n","protected":false},"excerpt":{"rendered":"<p>Suscita\u00e7\u00e3o de D\u00favida n\u00ba 0000518-40.2015.8.08.01142 Origem: RIO NOVO DO SUL\/ES Requerente: CARTORIO DO PRIMEIRO OFICIO DA COMARCA DE RIO NOVO DO SUL ES Juiz: RALFH ROCHA DE SOUZA. EMENTA: REGISTROS P\u00daBLICOS. SUSCITA\u00c7\u00c3O DE D\u00daVIDA. REGISTRO DE IM\u00d3VEIS. ESCRITURA P\u00daBLICA DE COMPRA E VENDA. LAVRATURA MEDIANTE PROCURA\u00c7\u00c3O OUTORGADA PELA VENDEDORA. FALECIMENTO. POSTERIOR RETIFICA\u00c7\u00c3O E RATIFICA\u00c7\u00c3O DA [&hellip;]<\/p>\n","protected":false},"author":3,"featured_media":0,"comment_status":"open","ping_status":"open","sticky":false,"template":"","format":"standard","meta":{"footnotes":""},"categories":[31],"tags":[],"_links":{"self":[{"href":"https:\/\/www.tjes.jus.br\/corregedoria\/wp-json\/wp\/v2\/posts\/23838"}],"collection":[{"href":"https:\/\/www.tjes.jus.br\/corregedoria\/wp-json\/wp\/v2\/posts"}],"about":[{"href":"https:\/\/www.tjes.jus.br\/corregedoria\/wp-json\/wp\/v2\/types\/post"}],"author":[{"embeddable":true,"href":"https:\/\/www.tjes.jus.br\/corregedoria\/wp-json\/wp\/v2\/users\/3"}],"replies":[{"embeddable":true,"href":"https:\/\/www.tjes.jus.br\/corregedoria\/wp-json\/wp\/v2\/comments?post=23838"}],"version-history":[{"count":2,"href":"https:\/\/www.tjes.jus.br\/corregedoria\/wp-json\/wp\/v2\/posts\/23838\/revisions"}],"predecessor-version":[{"id":23844,"href":"https:\/\/www.tjes.jus.br\/corregedoria\/wp-json\/wp\/v2\/posts\/23838\/revisions\/23844"}],"wp:attachment":[{"href":"https:\/\/www.tjes.jus.br\/corregedoria\/wp-json\/wp\/v2\/media?parent=23838"}],"wp:term":[{"taxonomy":"category","embeddable":true,"href":"https:\/\/www.tjes.jus.br\/corregedoria\/wp-json\/wp\/v2\/categories?post=23838"},{"taxonomy":"post_tag","embeddable":true,"href":"https:\/\/www.tjes.jus.br\/corregedoria\/wp-json\/wp\/v2\/tags?post=23838"}],"curies":[{"name":"wp","href":"https:\/\/api.w.org\/{rel}","templated":true}]}}