{"id":23873,"date":"2018-04-19T13:16:36","date_gmt":"2018-04-19T16:16:36","guid":{"rendered":"https:\/\/www.tjes.jus.br\/corregedoria\/?p=23873"},"modified":"2025-05-08T17:58:59","modified_gmt":"2025-05-08T20:58:59","slug":"ato-normativo-no-080-2018-disp-19-04-2018","status":"publish","type":"post","link":"https:\/\/www.tjes.jus.br\/corregedoria\/2018\/04\/19\/ato-normativo-no-080-2018-disp-19-04-2018\/","title":{"rendered":"ATO NORMATIVO N\u00ba 080\/2018 &#8211; DISP. 19\/04\/2018 &#8211; REVOGADO"},"content":{"rendered":"<h4 align=\"center\"><strong><span style=\"color: #ff0000;\">REVOGADO PELO<\/span>\u00a0<a href=\"https:\/\/www.tjes.jus.br\/corregedoria\/2025\/05\/06\/ato-normativo-no-130-2025-disp-06-05-2025\/\">ATO NORMATIVO N\u00ba 130\/2025<\/a>\u00a0<span style=\"color: #ff0000;\">DISP. 06\/05\/2025<\/span><\/strong><\/h4>\n<p style=\"text-align: center;\"><del><strong>ESTADO DO ESP\u00cdRITO SANTO<\/strong><\/del><\/p>\n<p style=\"text-align: center;\"><del><strong>PODER JUDICI\u00c1RIO<\/strong><\/del><\/p>\n<p style=\"text-align: center;\"><del><strong>TRIBUNAL DE JUSTI\u00c7A<\/strong><\/del><\/p>\n<p style=\"text-align: center;\"><del><strong>GABINETE DA PRESID\u00caNCIA<\/strong><\/del><\/p>\n<p style=\"text-align: center;\"><del><strong>ATO NORMATIVO N\u00ba 080\/2018<\/strong><\/del><\/p>\n<p style=\"text-align: justify;\"><del><em>Altera a composi\u00e7\u00e3o do Grupo de Trabalho para a realiza\u00e7\u00e3o das a\u00e7\u00f5es do 2\u00ba Centro Judici\u00e1rio de Solu\u00e7\u00e3o de Conflitos e Cidadania, em Colatina, institu\u00eddo pelo <a href=\"https:\/\/www.tjes.jus.br\/corregedoria\/2016\/11\/04\/ato-normativo-no-1232016-disp-em-04112016\/\" target=\"_blank\" rel=\"noopener\">Ato Normativo n\u00ba. 123\/2016<\/a>, bem como retifica o <a href=\"https:\/\/www.tjes.jus.br\/corregedoria\/2018\/01\/19\/ato-normativo-no-0102018-disp-19012018\/\" target=\"_blank\" rel=\"noopener\">ato normativo 010\/2018<\/a>, por ter sido publicado com incorre\u00e7\u00e3o.<\/em><\/del><\/p>\n<p style=\"text-align: justify;\"><del>O Excelent\u00edssimo Senhor Desembargador S\u00c9RGIO LUIZ TEIXEIRA GAMA, Presidente do Egr\u00e9gio Tribunal de Justi\u00e7a do Estado do Esp\u00edrito Santo, no uso de suas atribui\u00e7\u00f5es legais, e<\/del><\/p>\n<p style=\"text-align: justify;\"><del><strong>RESOLVE<\/strong>:<\/del><\/p>\n<p style=\"text-align: justify;\"><del><strong>Art. 1\u00ba <\/strong>\u2013 Alterar a composi\u00e7\u00e3o do artigo 2\u00ba do <a href=\"https:\/\/www.tjes.jus.br\/corregedoria\/2016\/11\/04\/ato-normativo-no-1232016-disp-em-04112016\/\" target=\"_blank\" rel=\"noopener\">Ato Normativo n\u00ba 123\/2016<\/a>, do Egr\u00e9gio Tribunal de Justi\u00e7a do Estado do Esp\u00edrito Santo, retificado pelo <a href=\"https:\/\/www.tjes.jus.br\/corregedoria\/2018\/01\/19\/ato-normativo-no-0102018-disp-19012018\/\" target=\"_blank\" rel=\"noopener\">ato normativo 010\/2018<\/a>, para que possa vigorar em sua integralidade com o seguinte texto :<\/del><\/p>\n<p style=\"text-align: justify; padding-left: 30px;\"><del>\u201cO Grupo de Trabalho ser\u00e1 composto pelos seguintes magistrados, sem preju\u00edzo de eventuais designa\u00e7\u00f5es j\u00e1 existentes ou do exerc\u00edcio das fun\u00e7\u00f5es em suas respectivas unidades judici\u00e1rias:<\/del><\/p>\n<p style=\"text-align: justify; padding-left: 30px;\"><del>I- Exm\u00aa. Sr\u00aa. Desembargadora JANETE VARGAS SIM\u00d5ES<\/del><\/p>\n<p style=\"text-align: justify; padding-left: 30px;\"><del>II- Exm\u00ba. Sr. Juiz de Direito SALOM\u00c3O AKHNATON ZOROASTRO SPENCER<\/del><\/p>\n<p style=\"text-align: justify; padding-left: 30px;\"><del>III- Exm\u00aa. Sra. Ju\u00edza de Direito M\u00c1RCIA PEREIRA RANGEL<\/del><\/p>\n<p style=\"text-align: justify; padding-left: 30px;\"><del>IV- Exm\u00ba. Sr. Juiz de Direito JOCY ANT\u00d4NIO ZANOTELLI<\/del><\/p>\n<p style=\"text-align: justify; padding-left: 30px;\"><del>V- Exm\u00ba. Sr. Juiz de Direito JAIME LIEVORE<\/del><\/p>\n<p style=\"text-align: justify; padding-left: 30px;\"><del>VI- Exm\u00ba. Sr. Juiz de Direito GUSTAVO HENRIQUE PROC\u00d3PIO SILVA \u201c<\/del><\/p>\n<p style=\"text-align: justify;\"><del><strong>Art. 2\u00ba <\/strong>\u2013 Este Ato Normativo entra em vigor na data de sua publica\u00e7\u00e3o.<\/del><\/p>\n<p style=\"text-align: justify;\"><del><strong>Publique-se<\/strong>.<\/del><\/p>\n<p style=\"text-align: justify;\"><del>Vit\u00f3ria, 11 de abril de 2018.<\/del><\/p>\n<p style=\"text-align: center;\"><del><strong>Desembargador S\u00c9RGIO LUIZ TEIXEIRA GAMA<br \/>\nPresidente<\/strong><\/del><\/p>\n","protected":false},"excerpt":{"rendered":"<p>REVOGADO PELO\u00a0ATO NORMATIVO N\u00ba 130\/2025\u00a0DISP. 06\/05\/2025 ESTADO DO ESP\u00cdRITO SANTO PODER JUDICI\u00c1RIO TRIBUNAL DE JUSTI\u00c7A GABINETE DA PRESID\u00caNCIA ATO NORMATIVO N\u00ba 080\/2018 Altera a composi\u00e7\u00e3o do Grupo de Trabalho para a realiza\u00e7\u00e3o das a\u00e7\u00f5es do 2\u00ba Centro Judici\u00e1rio de Solu\u00e7\u00e3o de Conflitos e Cidadania, em Colatina, institu\u00eddo pelo Ato Normativo n\u00ba. 123\/2016, bem como retifica [&hellip;]<\/p>\n","protected":false},"author":3,"featured_media":0,"comment_status":"open","ping_status":"open","sticky":false,"template":"","format":"standard","meta":{"footnotes":""},"categories":[4,14],"tags":[],"_links":{"self":[{"href":"https:\/\/www.tjes.jus.br\/corregedoria\/wp-json\/wp\/v2\/posts\/23873"}],"collection":[{"href":"https:\/\/www.tjes.jus.br\/corregedoria\/wp-json\/wp\/v2\/posts"}],"about":[{"href":"https:\/\/www.tjes.jus.br\/corregedoria\/wp-json\/wp\/v2\/types\/post"}],"author":[{"embeddable":true,"href":"https:\/\/www.tjes.jus.br\/corregedoria\/wp-json\/wp\/v2\/users\/3"}],"replies":[{"embeddable":true,"href":"https:\/\/www.tjes.jus.br\/corregedoria\/wp-json\/wp\/v2\/comments?post=23873"}],"version-history":[{"count":2,"href":"https:\/\/www.tjes.jus.br\/corregedoria\/wp-json\/wp\/v2\/posts\/23873\/revisions"}],"predecessor-version":[{"id":43433,"href":"https:\/\/www.tjes.jus.br\/corregedoria\/wp-json\/wp\/v2\/posts\/23873\/revisions\/43433"}],"wp:attachment":[{"href":"https:\/\/www.tjes.jus.br\/corregedoria\/wp-json\/wp\/v2\/media?parent=23873"}],"wp:term":[{"taxonomy":"category","embeddable":true,"href":"https:\/\/www.tjes.jus.br\/corregedoria\/wp-json\/wp\/v2\/categories?post=23873"},{"taxonomy":"post_tag","embeddable":true,"href":"https:\/\/www.tjes.jus.br\/corregedoria\/wp-json\/wp\/v2\/tags?post=23873"}],"curies":[{"name":"wp","href":"https:\/\/api.w.org\/{rel}","templated":true}]}}