{"id":23891,"date":"2018-04-19T13:47:12","date_gmt":"2018-04-19T16:47:12","guid":{"rendered":"https:\/\/www.tjes.jus.br\/corregedoria\/?p=23891"},"modified":"2018-04-19T13:47:12","modified_gmt":"2018-04-19T16:47:12","slug":"oficio-circular-no-035-2018-disp-19-04-2018","status":"publish","type":"post","link":"https:\/\/www.tjes.jus.br\/corregedoria\/2018\/04\/19\/oficio-circular-no-035-2018-disp-19-04-2018\/","title":{"rendered":"OF\u00cdCIO-CIRCULAR N\u00ba 035\/2018 &#8211; DISP. 19\/04\/2018"},"content":{"rendered":"<p style=\"text-align: center;\"><strong>ESTADO DO ESP\u00cdRITO SANTO<\/strong><\/p>\n<p style=\"text-align: center;\"><strong>PODER JUDICI\u00c1RIO<\/strong><\/p>\n<p style=\"text-align: center;\"><strong>CORREGEDORIA GERAL DA JUSTI\u00c7A<\/strong><\/p>\n<p style=\"text-align: center;\"><strong>OF\u00cdCIO-CIRCULAR N\u00ba 35\/2018<\/strong><\/p>\n<p style=\"text-align: center;\"><strong>Protocolo 2018.00.489.136<\/strong><\/p>\n<p style=\"text-align: justify;\">O Desembargador Corregedor-Geral da Justi\u00e7a do Estado do Esp\u00edrito Santo, no uso de suas atribui\u00e7\u00f5es legais:<\/p>\n<p style=\"text-align: justify;\"><strong>CONSIDERANDO<\/strong> que a Corregedoria Geral da Justi\u00e7a \u00e9 \u00f3rg\u00e3o de fiscaliza\u00e7\u00e3o, disciplina e orienta\u00e7\u00e3o administrativa, com circunscri\u00e7\u00e3o em todo o Estado, conforme art. 35 da Lei Complementar Estadual n\u00ba 234\/2002 (COJES);<\/p>\n<p style=\"text-align: justify;\"><strong>CONSIDERANDO<\/strong> o recebimento do comunicado protocolizado sob n\u00ba 2018.00.489.136 da Corregedoria Geral da Justi\u00e7a do Estado de Santa Catarina\/SC;<\/p>\n<p style=\"text-align: justify;\"><strong>CONSIDERANDO<\/strong> que o referido comunicado informa sobre a inutiliza\u00e7\u00e3o dos pap\u00e9is de seguran\u00e7a n\u00bas A1178502 e A1178504 do Tabelionato de Notas e Protesto de T\u00edtulos da Comarca de Porto Belo\/SC.<\/p>\n<p style=\"text-align: justify;\"><strong>RECOMENDO<\/strong> aos Ju\u00edzes de Direito Diretores dos F\u00f3runs, Membros do Minist\u00e9rio P\u00fablico, Advogados, Not\u00e1rios e Registradores, Serventu\u00e1rios e a quem mais possa interessar, que observem o expediente supracitado e adotem as provid\u00eancias que entenderem pertinentes.<\/p>\n<p style=\"text-align: justify;\"><strong>Publique-se. Cumpra-se.<\/strong><\/p>\n<p style=\"text-align: justify;\">Vit\u00f3ria\/ES, 11 de abril de 2018.<\/p>\n<p style=\"text-align: center;\"><strong>Desembargador SAMUEL MEIRA BRASIL JR<br \/>\nCorregedor-Geral da Justi\u00e7a<\/strong><\/p>\n<p style=\"text-align: center;\"><strong><a href=\"https:\/\/www.tjes.jus.br\/corregedoria\/wp-content\/uploads\/2018\/04\/Oficio_Circular_035-2018-Anexo.pdf\" target=\"_blank\" rel=\"noopener\">ANEXO &#8211; CLIQUE AQUI<\/a><\/strong><\/p>\n","protected":false},"excerpt":{"rendered":"<p>ESTADO DO ESP\u00cdRITO SANTO PODER JUDICI\u00c1RIO CORREGEDORIA GERAL DA JUSTI\u00c7A OF\u00cdCIO-CIRCULAR N\u00ba 35\/2018 Protocolo 2018.00.489.136 O Desembargador Corregedor-Geral da Justi\u00e7a do Estado do Esp\u00edrito Santo, no uso de suas atribui\u00e7\u00f5es legais: CONSIDERANDO que a Corregedoria Geral da Justi\u00e7a \u00e9 \u00f3rg\u00e3o de fiscaliza\u00e7\u00e3o, disciplina e orienta\u00e7\u00e3o administrativa, com circunscri\u00e7\u00e3o em todo o Estado, conforme art. 35 [&hellip;]<\/p>\n","protected":false},"author":3,"featured_media":0,"comment_status":"open","ping_status":"open","sticky":false,"template":"","format":"standard","meta":{"footnotes":""},"categories":[5],"tags":[],"_links":{"self":[{"href":"https:\/\/www.tjes.jus.br\/corregedoria\/wp-json\/wp\/v2\/posts\/23891"}],"collection":[{"href":"https:\/\/www.tjes.jus.br\/corregedoria\/wp-json\/wp\/v2\/posts"}],"about":[{"href":"https:\/\/www.tjes.jus.br\/corregedoria\/wp-json\/wp\/v2\/types\/post"}],"author":[{"embeddable":true,"href":"https:\/\/www.tjes.jus.br\/corregedoria\/wp-json\/wp\/v2\/users\/3"}],"replies":[{"embeddable":true,"href":"https:\/\/www.tjes.jus.br\/corregedoria\/wp-json\/wp\/v2\/comments?post=23891"}],"version-history":[{"count":1,"href":"https:\/\/www.tjes.jus.br\/corregedoria\/wp-json\/wp\/v2\/posts\/23891\/revisions"}],"predecessor-version":[{"id":23893,"href":"https:\/\/www.tjes.jus.br\/corregedoria\/wp-json\/wp\/v2\/posts\/23891\/revisions\/23893"}],"wp:attachment":[{"href":"https:\/\/www.tjes.jus.br\/corregedoria\/wp-json\/wp\/v2\/media?parent=23891"}],"wp:term":[{"taxonomy":"category","embeddable":true,"href":"https:\/\/www.tjes.jus.br\/corregedoria\/wp-json\/wp\/v2\/categories?post=23891"},{"taxonomy":"post_tag","embeddable":true,"href":"https:\/\/www.tjes.jus.br\/corregedoria\/wp-json\/wp\/v2\/tags?post=23891"}],"curies":[{"name":"wp","href":"https:\/\/api.w.org\/{rel}","templated":true}]}}