{"id":23899,"date":"2018-04-19T14:03:54","date_gmt":"2018-04-19T17:03:54","guid":{"rendered":"https:\/\/www.tjes.jus.br\/corregedoria\/?p=23899"},"modified":"2018-04-19T14:03:54","modified_gmt":"2018-04-19T17:03:54","slug":"ato-no-002-2018-disp-19-04-2018","status":"publish","type":"post","link":"https:\/\/www.tjes.jus.br\/corregedoria\/2018\/04\/19\/ato-no-002-2018-disp-19-04-2018\/","title":{"rendered":"ATO N\u00ba 002\/2018 &#8211; DISP. 19\/04\/2018"},"content":{"rendered":"<p style=\"text-align: center;\"><strong>CORREGEDORIA GERAL DA JUSTI\u00c7A<\/strong><\/p>\n<p style=\"text-align: center;\"><strong>PODER JUDICI\u00c1RIO<\/strong><\/p>\n<p style=\"text-align: center;\"><strong>ESTADO DO ESP\u00cdRITO SANTO<\/strong><\/p>\n<p style=\"text-align: center;\"><strong>ATO N\u00ba 002\/2018<\/strong><\/p>\n<p style=\"text-align: justify;\">O Desembargador SAMUEL MEIRA BRASIL JR, Corregedor-Geral da Justi\u00e7a do Estado do Esp\u00edrito Santo, no uso de suas atribui\u00e7\u00f5es legais e de acordo com r. Decis\u00e3o\/Of\u00edcio CMFE N\u00ba 0237\/2018, proferida nos autos do Processo Administrativo Disciplinar n\u00ba 2016.00.407.811, desta Corregedoria Geral da Justi\u00e7a.<\/p>\n<p style=\"text-align: justify;\"><strong>RESOLVE:<\/strong><\/p>\n<p style=\"text-align: justify;\"><strong>Aplicar<\/strong> <strong>ao Sr. Jorge Alessandro de Andrade Cavalcante<\/strong>, Delegat\u00e1rio Titular do Cart\u00f3rio do 1\u00ba Of\u00edcio da Comarca de Concei\u00e7\u00e3o do Castelo\/ES, a pena de suspens\u00e3o pelo per\u00edodo de <strong>30 (trinta) dias<\/strong>, tudo de acordo com disposto no artigo 32, III, da Lei n\u00ba 8.935\/94. Durante o cumprimento da pena de suspens\u00e3o, dever\u00e1 a serventia ser gerida pelo seu substituto legal.<\/p>\n<p style=\"text-align: justify;\"><strong>Publique-se.<\/strong><\/p>\n<p style=\"text-align: justify;\">Vit\u00f3ria-ES, 12 de abril de 2018.<\/p>\n<p style=\"text-align: center;\"><strong>Desembargador SAMUEL MEIRA BRASIL JR.<br \/>\nCorregedor-Geral da Justi\u00e7a<\/strong><\/p>\n","protected":false},"excerpt":{"rendered":"<p>CORREGEDORIA GERAL DA JUSTI\u00c7A PODER JUDICI\u00c1RIO ESTADO DO ESP\u00cdRITO SANTO ATO N\u00ba 002\/2018 O Desembargador SAMUEL MEIRA BRASIL JR, Corregedor-Geral da Justi\u00e7a do Estado do Esp\u00edrito Santo, no uso de suas atribui\u00e7\u00f5es legais e de acordo com r. Decis\u00e3o\/Of\u00edcio CMFE N\u00ba 0237\/2018, proferida nos autos do Processo Administrativo Disciplinar n\u00ba 2016.00.407.811, desta Corregedoria Geral da [&hellip;]<\/p>\n","protected":false},"author":3,"featured_media":0,"comment_status":"open","ping_status":"open","sticky":false,"template":"","format":"standard","meta":{"footnotes":""},"categories":[18],"tags":[],"_links":{"self":[{"href":"https:\/\/www.tjes.jus.br\/corregedoria\/wp-json\/wp\/v2\/posts\/23899"}],"collection":[{"href":"https:\/\/www.tjes.jus.br\/corregedoria\/wp-json\/wp\/v2\/posts"}],"about":[{"href":"https:\/\/www.tjes.jus.br\/corregedoria\/wp-json\/wp\/v2\/types\/post"}],"author":[{"embeddable":true,"href":"https:\/\/www.tjes.jus.br\/corregedoria\/wp-json\/wp\/v2\/users\/3"}],"replies":[{"embeddable":true,"href":"https:\/\/www.tjes.jus.br\/corregedoria\/wp-json\/wp\/v2\/comments?post=23899"}],"version-history":[{"count":1,"href":"https:\/\/www.tjes.jus.br\/corregedoria\/wp-json\/wp\/v2\/posts\/23899\/revisions"}],"predecessor-version":[{"id":23901,"href":"https:\/\/www.tjes.jus.br\/corregedoria\/wp-json\/wp\/v2\/posts\/23899\/revisions\/23901"}],"wp:attachment":[{"href":"https:\/\/www.tjes.jus.br\/corregedoria\/wp-json\/wp\/v2\/media?parent=23899"}],"wp:term":[{"taxonomy":"category","embeddable":true,"href":"https:\/\/www.tjes.jus.br\/corregedoria\/wp-json\/wp\/v2\/categories?post=23899"},{"taxonomy":"post_tag","embeddable":true,"href":"https:\/\/www.tjes.jus.br\/corregedoria\/wp-json\/wp\/v2\/tags?post=23899"}],"curies":[{"name":"wp","href":"https:\/\/api.w.org\/{rel}","templated":true}]}}