{"id":23907,"date":"2018-04-20T11:42:35","date_gmt":"2018-04-20T14:42:35","guid":{"rendered":"https:\/\/www.tjes.jus.br\/corregedoria\/?p=23907"},"modified":"2018-04-20T11:42:35","modified_gmt":"2018-04-20T14:42:35","slug":"errata-no-ato-normativo-conjunto-no-005-2018-disp-20-04-2018","status":"publish","type":"post","link":"https:\/\/www.tjes.jus.br\/corregedoria\/2018\/04\/20\/errata-no-ato-normativo-conjunto-no-005-2018-disp-20-04-2018\/","title":{"rendered":"ERRATA NO ATO NORMATIVO CONJUNTO N\u00ba 005\/2018 &#8211; DISP. 20\/04\/2018"},"content":{"rendered":"<p style=\"text-align: center;\"><strong>PODER JUDICI\u00c1RIO<\/strong><\/p>\n<p style=\"text-align: center;\"><strong>TRIBUNAL DE JUSTI\u00c7A DO Estado do Esp\u00edrito Santo<\/strong><\/p>\n<p style=\"text-align: center;\"><strong>ERRATA \u2013 ATO NORMATIVO CONJUNTO 005\/2018<\/strong><\/p>\n<p style=\"text-align: justify;\">Errata assinada pelos Excelent\u00edssimos Desembargador S\u00c9RGIO LUIZ TEIXEIRA GAMA, DD. Presidente do Egr\u00e9gio Tribunal de Justi\u00e7a do Estado do Esp\u00edrito Santo, Desembargador SAMUEL MEIRA BRASIL J\u00daNIOR, DD. Corregedor Geral de Justi\u00e7a e Desembargador FERNANDO ZARDINI ANTONIO, Supervisor das Varas Criminais e Execu\u00e7\u00f5es Penais, no uso de suas atribui\u00e7\u00f5es legais e,<\/p>\n<p style=\"text-align: justify;\">O Excelent\u00edssimo <strong>Desembargador S\u00c9RGIO LUIZ TEIXEIRA GAMA<\/strong>, DD. Presidente do Egr\u00e9gio Tribunal de Justi\u00e7a do Estado do Esp\u00edrito Santo, o Excelent\u00edssimo <strong>Desembargador SAMUEL MEIRA BRASIL J\u00daNIOR<\/strong>, DD. Corregedor Geral de Justi\u00e7a e o Excelent\u00edssimo Senhor <strong>Desembargador FERNANDO ZARDINI ANTONIO<\/strong>, Supervisor das Varas Criminais e Execu\u00e7\u00f5es Penais, no uso de suas atribui\u00e7\u00f5es legais e,<\/p>\n<p style=\"text-align: justify;\"><strong>No <a href=\"https:\/\/www.tjes.jus.br\/corregedoria\/2018\/03\/22\/ato-normativo-conjunto-no-05-2018-disp-22-03-2018\/\" target=\"_blank\" rel=\"noopener\">Ato Normativo Conjunto n\u00ba 005\/2018<\/a>, publicado no Di\u00e1rio da Justi\u00e7a de 22 de mar\u00e7o do corrente ano, que instituiu a \u201cFor\u00e7a Tarefa\u201d para o cadastramento das pessoas presas no Estado do Esp\u00edrito Santo no sistema BNMP 2.0,<\/strong><\/p>\n<p style=\"text-align: justify;\"><strong>Onde se l\u00ea:<\/strong><\/p>\n<p style=\"text-align: justify;\">Art. 6\u00ba. A coordena\u00e7\u00e3o dos trabalhos e os atos materiais ficar\u00e3o a cargo dos Ju\u00edzes de Direito Gisele Souza de Oliveira, Coordenadora das Varas Criminais e de Execu\u00e7\u00f5es Penais, e Daniel Pe\u00e7anha Moreira, sob a supervis\u00e3o do Desembargador Fernando Zardini Antonio, Supervisor Grupo de Monitoramento e Fiscaliza\u00e7\u00e3o do Sistema Carcer\u00e1rio do Esp\u00edrito Santo.<\/p>\n<p style=\"text-align: justify;\"><strong>Leia-se:<\/strong><\/p>\n<p style=\"text-align: justify;\"><strong>Art. 6\u00ba.<\/strong> A coordena\u00e7\u00e3o dos trabalhos e os atos materiais ficar\u00e3o a cargo dos Ju\u00edzes de Direito Gisele Souza de Oliveira, Coordenadora das Varas Criminais e de Execu\u00e7\u00f5es Penais, e Daniel Pe\u00e7anha Moreira, com o aux\u00edlio do Analista de Execu\u00e7\u00e3o Penal Leandro Silva Oliveira, sob a supervis\u00e3o do Desembargador Fernando Zardini Antonio, Supervisor Grupo de Monitoramento e Fiscaliza\u00e7\u00e3o do Sistema Carcer\u00e1rio do Esp\u00edrito Santo.<\/p>\n<p style=\"text-align: justify;\"><strong>Par\u00e1grafo \u00fanico.<\/strong> Os trabalhos da For\u00e7a Tarefa poder\u00e3o ser desenvolvidos em dias de s\u00e1bado, domingo e feriados, durante 06 (seis) horas di\u00e1rias, mediante compensa\u00e7\u00e3o, aplicando-se, no que couber, as diretrizes do <a href=\"https:\/\/www.tjes.jus.br\/corregedoria\/2016\/07\/08\/ato-normativo-conjunto-no-0082016-disp-08072016\/\" target=\"_blank\" rel=\"noopener\">Ato Normativo Conjunto n\u00ba 008\/2016<\/a>, publicado no DJ de 08\/07\/2016, e, neste caso, poder\u00e1 contar com servidores volunt\u00e1rios que n\u00e3o integrem a For\u00e7a Tarefa, desde que capacitados para tanto.<\/p>\n<p style=\"text-align: justify;\"><strong>Publique-se.<\/strong><\/p>\n<p style=\"text-align: justify;\">Vit\u00f3ria\/ES, 17 de abril de 2018<\/p>\n<p style=\"text-align: center;\"><strong>Desembargador S\u00c9RGIO LUIZ TEIXEIRA GAMA<br \/>\nPresidente do Tribunal de Justi\u00e7a do Esp\u00edrito Santo<\/strong><\/p>\n<p style=\"text-align: center;\"><strong>Desembargador SAMUEL MEIRA BRASIL J\u00daNIOR<br \/>\nCorregedor Geral da Justi\u00e7a do Estado do Esp\u00edrito Santo<\/strong><\/p>\n<p style=\"text-align: center;\"><strong>Desembargador FERNANDO ZARDINI ANTONIO<br \/>\nSupervisor das Varas Criminais e Execu\u00e7\u00f5es Penais<\/strong><\/p>\n","protected":false},"excerpt":{"rendered":"<p>PODER JUDICI\u00c1RIO TRIBUNAL DE JUSTI\u00c7A DO Estado do Esp\u00edrito Santo ERRATA \u2013 ATO NORMATIVO CONJUNTO 005\/2018 Errata assinada pelos Excelent\u00edssimos Desembargador S\u00c9RGIO LUIZ TEIXEIRA GAMA, DD. Presidente do Egr\u00e9gio Tribunal de Justi\u00e7a do Estado do Esp\u00edrito Santo, Desembargador SAMUEL MEIRA BRASIL J\u00daNIOR, DD. Corregedor Geral de Justi\u00e7a e Desembargador FERNANDO ZARDINI ANTONIO, Supervisor das Varas [&hellip;]<\/p>\n","protected":false},"author":3,"featured_media":0,"comment_status":"open","ping_status":"open","sticky":false,"template":"","format":"standard","meta":{"footnotes":""},"categories":[4],"tags":[],"_links":{"self":[{"href":"https:\/\/www.tjes.jus.br\/corregedoria\/wp-json\/wp\/v2\/posts\/23907"}],"collection":[{"href":"https:\/\/www.tjes.jus.br\/corregedoria\/wp-json\/wp\/v2\/posts"}],"about":[{"href":"https:\/\/www.tjes.jus.br\/corregedoria\/wp-json\/wp\/v2\/types\/post"}],"author":[{"embeddable":true,"href":"https:\/\/www.tjes.jus.br\/corregedoria\/wp-json\/wp\/v2\/users\/3"}],"replies":[{"embeddable":true,"href":"https:\/\/www.tjes.jus.br\/corregedoria\/wp-json\/wp\/v2\/comments?post=23907"}],"version-history":[{"count":1,"href":"https:\/\/www.tjes.jus.br\/corregedoria\/wp-json\/wp\/v2\/posts\/23907\/revisions"}],"predecessor-version":[{"id":23908,"href":"https:\/\/www.tjes.jus.br\/corregedoria\/wp-json\/wp\/v2\/posts\/23907\/revisions\/23908"}],"wp:attachment":[{"href":"https:\/\/www.tjes.jus.br\/corregedoria\/wp-json\/wp\/v2\/media?parent=23907"}],"wp:term":[{"taxonomy":"category","embeddable":true,"href":"https:\/\/www.tjes.jus.br\/corregedoria\/wp-json\/wp\/v2\/categories?post=23907"},{"taxonomy":"post_tag","embeddable":true,"href":"https:\/\/www.tjes.jus.br\/corregedoria\/wp-json\/wp\/v2\/tags?post=23907"}],"curies":[{"name":"wp","href":"https:\/\/api.w.org\/{rel}","templated":true}]}}