{"id":23911,"date":"2018-04-23T12:14:20","date_gmt":"2018-04-23T15:14:20","guid":{"rendered":"https:\/\/www.tjes.jus.br\/corregedoria\/?p=23911"},"modified":"2018-04-23T12:14:20","modified_gmt":"2018-04-23T15:14:20","slug":"ato-normativo-conjunto-no-011-2018-disp-23-04-2018","status":"publish","type":"post","link":"https:\/\/www.tjes.jus.br\/corregedoria\/2018\/04\/23\/ato-normativo-conjunto-no-011-2018-disp-23-04-2018\/","title":{"rendered":"ATO NORMATIVO CONJUNTO N\u00ba 011\/2018 &#8211; DISP. 23\/04\/2018"},"content":{"rendered":"<p style=\"text-align: center;\"><strong>ESTADO DO ESP\u00cdRITO SANTO<\/strong><\/p>\n<p style=\"text-align: center;\"><strong>PODER JUDICI\u00c1RIO<\/strong><\/p>\n<p style=\"text-align: center;\"><strong>ATO NORMATIVO CONJUNTO N\u00ba 011\/2018<\/strong><\/p>\n<p style=\"text-align: justify;\"><em>Institui Mutir\u00e3o na Secretaria das C\u00e2maras C\u00edveis Reunidas deste Egr\u00e9gio Tribunal de Justi\u00e7a com o objetivo de regularizar a juntada de peti\u00e7\u00f5es e demais expedientes.<\/em><\/p>\n<p style=\"text-align: justify;\">O Excelent\u00edssimo Senhor Desembargador S\u00c9RGIO LUIZ TEIXEIRA GAMA, DD. Presidente do Egr\u00e9gio Tribunal de Justi\u00e7a do Estado do Esp\u00edrito Santo, e o Excelent\u00edssimo Senhor Desembargador NEY BATISTA COUTINHO, DD. Vice-Presidente do Egr\u00e9gio Tribunal de Justi\u00e7a do Estado do Esp\u00edrito Santo, no uso de suas atribui\u00e7\u00f5es legais, e<\/p>\n<p style=\"text-align: justify;\"><strong>CONSIDERANDO<\/strong> o teor do expediente n\u00ba. 2018.00.552.431, em que os servidores da Secretaria das C\u00e2maras C\u00edveis Reunidas solicitam autoriza\u00e7\u00e3o para realizar mutir\u00e3o de trabalho no dia 21\/04\/2018, com o objetivo de promover a juntada de peti\u00e7\u00f5es e diligenciar as intima\u00e7\u00f5es das decis\u00f5es;<\/p>\n<p style=\"text-align: justify;\"><strong>RESOLVE<\/strong>:<\/p>\n<p style=\"text-align: justify;\"><strong>Art. 1\u00ba <\/strong>\u2013 Fica institu\u00eddo mutir\u00e3o na Secretaria das C\u00e2maras C\u00edveis Reunidas, com o objetivo de regularizar a juntada aos respectivos autos das peti\u00e7\u00f5es e demais expedientes que se encontram em Secretaria.<\/p>\n<p style=\"text-align: justify;\"><strong>Art. 2\u00ba <\/strong>\u2013 As atividades do mutir\u00e3o ser\u00e3o realizadas no dia 21 de abril de 2018, durante 06 (seis) horas di\u00e1rias, mediante compensa\u00e7\u00e3o por folgas, aplicando-se aos servidores as mesmas regras do Plant\u00e3o Judici\u00e1rio presencial.<\/p>\n<p style=\"text-align: justify;\"><strong>Art. 3\u00ba <\/strong>\u2013 O mutir\u00e3o ser\u00e1 formado pelos seguintes servidores:<\/p>\n<p style=\"text-align: justify;\">I \u2013 FERNANDO C\u00c9SAR LORDES GERLIN<\/p>\n<p style=\"text-align: justify;\">II \u2013 GISELLY GASPARINI DA SILVA GROSSMANN<\/p>\n<p style=\"text-align: justify;\">III &#8211; LUCIENE VERVLOET FEU ROSA<\/p>\n<p style=\"text-align: justify;\">IV \u2013 MICHELE SAURA F\u00c9LIX DA SILVA<\/p>\n<p style=\"text-align: justify;\">V \u2013 SAULO SOARES DE SOUZA<\/p>\n<p style=\"text-align: justify;\"><strong>Art. 3\u00ba <\/strong>\u2013 Os servidores que participarem do mutir\u00e3o assinar\u00e3o lista de presen\u00e7a que, no prazo de cinco dias ap\u00f3s a conclus\u00e3o, ser\u00e1 encaminhada \u00e0 Se\u00e7\u00e3o de Registro Funcional de Servidores, da Secretaria de Gest\u00e3o de Pessoas, com as horas efetivamente trabalhadas por cada um, para fins de registro em ficha funcional.<\/p>\n<p style=\"text-align: justify;\"><strong>Art. 5\u00ba <\/strong>\u2013 Este Ato Normativo Conjunto entra em vigor na data de sua publica\u00e7\u00e3o.<\/p>\n<p style=\"text-align: justify;\"><strong>Publique-se<\/strong>.<\/p>\n<p style=\"text-align: justify;\">Vit\u00f3ria, 20 de abril de 2018.<\/p>\n<p style=\"text-align: center;\"><strong>Des. SERGIO LUIZ TEIXEIRA GAMA<\/strong><br \/>\n<strong>Presidente<\/strong><\/p>\n<p style=\"text-align: center;\"><strong>Des. NEY BATISTA COUTINHO<br \/>\nVice- Presidente<\/strong><\/p>\n","protected":false},"excerpt":{"rendered":"<p>ESTADO DO ESP\u00cdRITO SANTO PODER JUDICI\u00c1RIO ATO NORMATIVO CONJUNTO N\u00ba 011\/2018 Institui Mutir\u00e3o na Secretaria das C\u00e2maras C\u00edveis Reunidas deste Egr\u00e9gio Tribunal de Justi\u00e7a com o objetivo de regularizar a juntada de peti\u00e7\u00f5es e demais expedientes. O Excelent\u00edssimo Senhor Desembargador S\u00c9RGIO LUIZ TEIXEIRA GAMA, DD. Presidente do Egr\u00e9gio Tribunal de Justi\u00e7a do Estado do Esp\u00edrito [&hellip;]<\/p>\n","protected":false},"author":3,"featured_media":0,"comment_status":"open","ping_status":"open","sticky":false,"template":"","format":"standard","meta":{"footnotes":""},"categories":[4],"tags":[],"_links":{"self":[{"href":"https:\/\/www.tjes.jus.br\/corregedoria\/wp-json\/wp\/v2\/posts\/23911"}],"collection":[{"href":"https:\/\/www.tjes.jus.br\/corregedoria\/wp-json\/wp\/v2\/posts"}],"about":[{"href":"https:\/\/www.tjes.jus.br\/corregedoria\/wp-json\/wp\/v2\/types\/post"}],"author":[{"embeddable":true,"href":"https:\/\/www.tjes.jus.br\/corregedoria\/wp-json\/wp\/v2\/users\/3"}],"replies":[{"embeddable":true,"href":"https:\/\/www.tjes.jus.br\/corregedoria\/wp-json\/wp\/v2\/comments?post=23911"}],"version-history":[{"count":1,"href":"https:\/\/www.tjes.jus.br\/corregedoria\/wp-json\/wp\/v2\/posts\/23911\/revisions"}],"predecessor-version":[{"id":23912,"href":"https:\/\/www.tjes.jus.br\/corregedoria\/wp-json\/wp\/v2\/posts\/23911\/revisions\/23912"}],"wp:attachment":[{"href":"https:\/\/www.tjes.jus.br\/corregedoria\/wp-json\/wp\/v2\/media?parent=23911"}],"wp:term":[{"taxonomy":"category","embeddable":true,"href":"https:\/\/www.tjes.jus.br\/corregedoria\/wp-json\/wp\/v2\/categories?post=23911"},{"taxonomy":"post_tag","embeddable":true,"href":"https:\/\/www.tjes.jus.br\/corregedoria\/wp-json\/wp\/v2\/tags?post=23911"}],"curies":[{"name":"wp","href":"https:\/\/api.w.org\/{rel}","templated":true}]}}