{"id":23925,"date":"2018-04-25T13:01:18","date_gmt":"2018-04-25T16:01:18","guid":{"rendered":"https:\/\/www.tjes.jus.br\/corregedoria\/?p=23925"},"modified":"2018-04-25T13:01:18","modified_gmt":"2018-04-25T16:01:18","slug":"resolucao-no-13-2018-disp-24-04-2018","status":"publish","type":"post","link":"https:\/\/www.tjes.jus.br\/corregedoria\/2018\/04\/25\/resolucao-no-13-2018-disp-24-04-2018\/","title":{"rendered":"RESOLU\u00c7\u00c3O N\u00ba 13\/2018 &#8211; DISP. 24\/04\/2018"},"content":{"rendered":"<p style=\"text-align: center;\"><strong>ESTADO DO ESP\u00cdRITO SANTO<\/strong><\/p>\n<p style=\"text-align: center;\"><strong>PODER JUDICI\u00c1RIO<\/strong><\/p>\n<p style=\"text-align: center;\"><strong>TRIBUNAL DE JUSTI\u00c7A<\/strong><\/p>\n<p style=\"text-align: center;\"><strong>RESOLU\u00c7\u00c3O N\u00ba 13\/2018<\/strong><\/p>\n<p style=\"text-align: justify;\">O Exmo Sr. Desembargador S\u00c9RGIO LUIZ TEIXEIRA GAMA, Presidente deste Egr\u00e9gio Tribunal de Justi\u00e7a, no uso de suas atribui\u00e7\u00f5es legais e regimentais e tendo em vista decis\u00e3o un\u00e2nime do Egr\u00e9gio Tribunal Pleno, em sess\u00e3o ordin\u00e1ria realizada no dia 19\/04\/2018;<\/p>\n<p style=\"text-align: justify;\"><strong>RESOLVE<\/strong>:<\/p>\n<p style=\"text-align: justify;\"><strong>Art. 1\u00ba <\/strong>&#8211; <strong>CESSAR<\/strong>, a partir de 01\/03\/2018, os efeitos da <a href=\"https:\/\/www.tjes.jus.br\/corregedoria\/2018\/02\/26\/resolucao-no-08-2018-disp-26-02-2018\/\" target=\"_blank\" rel=\"noopener\">Resolu\u00e7\u00e3o n\u00ba 08\/2018<\/a>, disponibilizada no Di\u00e1rio da Justi\u00e7a do dia 26\/02\/2018, que designou o Exmo Des. Jorge do Nascimento Viana como Presidente do Conselho Gestor do Fundo de Apoio ao Registro Civil das Pessoas Naturais do Estado do Esp\u00edrito Santo \u2013 FARPEN.<\/p>\n<p style=\"text-align: justify;\"><strong>PUBLIQUE-SE<\/strong>.<\/p>\n<p style=\"text-align: justify;\">Vit\u00f3ria, 23 de abril de 2018.<\/p>\n<p style=\"text-align: center;\"><strong>DES. S\u00c9RGIO LUIZ TEIXEIRA GAMA<br \/>\nPRESIDENTE<\/strong><\/p>\n","protected":false},"excerpt":{"rendered":"<p>ESTADO DO ESP\u00cdRITO SANTO PODER JUDICI\u00c1RIO TRIBUNAL DE JUSTI\u00c7A RESOLU\u00c7\u00c3O N\u00ba 13\/2018 O Exmo Sr. Desembargador S\u00c9RGIO LUIZ TEIXEIRA GAMA, Presidente deste Egr\u00e9gio Tribunal de Justi\u00e7a, no uso de suas atribui\u00e7\u00f5es legais e regimentais e tendo em vista decis\u00e3o un\u00e2nime do Egr\u00e9gio Tribunal Pleno, em sess\u00e3o ordin\u00e1ria realizada no dia 19\/04\/2018; RESOLVE: Art. 1\u00ba &#8211; [&hellip;]<\/p>\n","protected":false},"author":3,"featured_media":0,"comment_status":"open","ping_status":"open","sticky":false,"template":"","format":"standard","meta":{"footnotes":""},"categories":[13],"tags":[],"_links":{"self":[{"href":"https:\/\/www.tjes.jus.br\/corregedoria\/wp-json\/wp\/v2\/posts\/23925"}],"collection":[{"href":"https:\/\/www.tjes.jus.br\/corregedoria\/wp-json\/wp\/v2\/posts"}],"about":[{"href":"https:\/\/www.tjes.jus.br\/corregedoria\/wp-json\/wp\/v2\/types\/post"}],"author":[{"embeddable":true,"href":"https:\/\/www.tjes.jus.br\/corregedoria\/wp-json\/wp\/v2\/users\/3"}],"replies":[{"embeddable":true,"href":"https:\/\/www.tjes.jus.br\/corregedoria\/wp-json\/wp\/v2\/comments?post=23925"}],"version-history":[{"count":1,"href":"https:\/\/www.tjes.jus.br\/corregedoria\/wp-json\/wp\/v2\/posts\/23925\/revisions"}],"predecessor-version":[{"id":23926,"href":"https:\/\/www.tjes.jus.br\/corregedoria\/wp-json\/wp\/v2\/posts\/23925\/revisions\/23926"}],"wp:attachment":[{"href":"https:\/\/www.tjes.jus.br\/corregedoria\/wp-json\/wp\/v2\/media?parent=23925"}],"wp:term":[{"taxonomy":"category","embeddable":true,"href":"https:\/\/www.tjes.jus.br\/corregedoria\/wp-json\/wp\/v2\/categories?post=23925"},{"taxonomy":"post_tag","embeddable":true,"href":"https:\/\/www.tjes.jus.br\/corregedoria\/wp-json\/wp\/v2\/tags?post=23925"}],"curies":[{"name":"wp","href":"https:\/\/api.w.org\/{rel}","templated":true}]}}