{"id":23929,"date":"2018-04-25T13:08:53","date_gmt":"2018-04-25T16:08:53","guid":{"rendered":"https:\/\/www.tjes.jus.br\/corregedoria\/?p=23929"},"modified":"2018-04-25T13:08:53","modified_gmt":"2018-04-25T16:08:53","slug":"resolucao-no-14-2018-disp-24-04-2018","status":"publish","type":"post","link":"https:\/\/www.tjes.jus.br\/corregedoria\/2018\/04\/25\/resolucao-no-14-2018-disp-24-04-2018\/","title":{"rendered":"RESOLU\u00c7\u00c3O N\u00ba 14\/2018 &#8211; DISP. 24\/04\/2018"},"content":{"rendered":"<p style=\"text-align: center;\"><strong>ESTADO DO ESP\u00cdRITO SANTO<\/strong><\/p>\n<p style=\"text-align: center;\"><strong>PODER JUDICI\u00c1RIO<\/strong><\/p>\n<p style=\"text-align: center;\"><strong>TRIBUNAL DE JUSTI\u00c7A<\/strong><\/p>\n<p style=\"text-align: center;\"><strong>RESOLU\u00c7\u00c3O N\u00ba 14\/2018<\/strong><\/p>\n<p style=\"text-align: justify;\"><em>Institui o C\u00f3digo de \u00c9tica do Poder Judici\u00e1rio do Estado do Esp\u00edrito Santo.<\/em><\/p>\n<p style=\"text-align: justify;\">O Exmo Sr. Desembargador S\u00c9RGIO LUIZ TEIXEIRA GAMA, Presidente deste Egr\u00e9gio Tribunal de Justi\u00e7a, no uso de suas atribui\u00e7\u00f5es legais e regimentais e tendo em vista decis\u00e3o un\u00e2nime do Egr\u00e9gio Tribunal Pleno, em sess\u00e3o ordin\u00e1ria realizada no dia 19\/04\/2018,<\/p>\n<p style=\"text-align: justify;\"><strong>RESOLVE<\/strong>:<\/p>\n<p style=\"text-align: justify;\"><strong>Art. 1\u00ba<\/strong>. Instituir o C\u00f3digo de \u00c9tica do Poder Judici\u00e1rio do Estado do Esp\u00edrito Santo, que com esta Resolu\u00e7\u00e3o se publica.<\/p>\n<p style=\"text-align: justify;\"><strong>Art. 2\u00ba<\/strong>. Esta Resolu\u00e7\u00e3o entrar\u00e1 em vigor na data de sua publica\u00e7\u00e3o<\/p>\n<p style=\"text-align: justify;\"><strong>PUBLIQUE-SE<\/strong>.<\/p>\n<p style=\"text-align: justify;\">Vit\u00f3ria, 23 de abril de 2018.<\/p>\n<p style=\"text-align: center;\"><strong>DES. S\u00c9RGIO LUIZ TEIXEIRA GAMA<br \/>\nPRESIDENTE<\/strong><\/p>\n<h3 style=\"text-align: center;\">ANEXO DA RESOLU\u00c7\u00c3O N\u00ba 14\/2018 &#8211; <a href=\"https:\/\/www.tjes.jus.br\/corregedoria\/wp-content\/uploads\/2018\/04\/Resolucao_14-2018-Anexo.pdf\" target=\"_blank\" rel=\"noopener\">CLIQUE AQUI<\/a><\/h3>\n","protected":false},"excerpt":{"rendered":"<p>ESTADO DO ESP\u00cdRITO SANTO PODER JUDICI\u00c1RIO TRIBUNAL DE JUSTI\u00c7A RESOLU\u00c7\u00c3O N\u00ba 14\/2018 Institui o C\u00f3digo de \u00c9tica do Poder Judici\u00e1rio do Estado do Esp\u00edrito Santo. O Exmo Sr. Desembargador S\u00c9RGIO LUIZ TEIXEIRA GAMA, Presidente deste Egr\u00e9gio Tribunal de Justi\u00e7a, no uso de suas atribui\u00e7\u00f5es legais e regimentais e tendo em vista decis\u00e3o un\u00e2nime do Egr\u00e9gio [&hellip;]<\/p>\n","protected":false},"author":3,"featured_media":0,"comment_status":"open","ping_status":"open","sticky":false,"template":"","format":"standard","meta":{"footnotes":""},"categories":[14,13],"tags":[],"_links":{"self":[{"href":"https:\/\/www.tjes.jus.br\/corregedoria\/wp-json\/wp\/v2\/posts\/23929"}],"collection":[{"href":"https:\/\/www.tjes.jus.br\/corregedoria\/wp-json\/wp\/v2\/posts"}],"about":[{"href":"https:\/\/www.tjes.jus.br\/corregedoria\/wp-json\/wp\/v2\/types\/post"}],"author":[{"embeddable":true,"href":"https:\/\/www.tjes.jus.br\/corregedoria\/wp-json\/wp\/v2\/users\/3"}],"replies":[{"embeddable":true,"href":"https:\/\/www.tjes.jus.br\/corregedoria\/wp-json\/wp\/v2\/comments?post=23929"}],"version-history":[{"count":1,"href":"https:\/\/www.tjes.jus.br\/corregedoria\/wp-json\/wp\/v2\/posts\/23929\/revisions"}],"predecessor-version":[{"id":23931,"href":"https:\/\/www.tjes.jus.br\/corregedoria\/wp-json\/wp\/v2\/posts\/23929\/revisions\/23931"}],"wp:attachment":[{"href":"https:\/\/www.tjes.jus.br\/corregedoria\/wp-json\/wp\/v2\/media?parent=23929"}],"wp:term":[{"taxonomy":"category","embeddable":true,"href":"https:\/\/www.tjes.jus.br\/corregedoria\/wp-json\/wp\/v2\/categories?post=23929"},{"taxonomy":"post_tag","embeddable":true,"href":"https:\/\/www.tjes.jus.br\/corregedoria\/wp-json\/wp\/v2\/tags?post=23929"}],"curies":[{"name":"wp","href":"https:\/\/api.w.org\/{rel}","templated":true}]}}