{"id":23950,"date":"2018-04-25T14:10:39","date_gmt":"2018-04-25T17:10:39","guid":{"rendered":"https:\/\/www.tjes.jus.br\/corregedoria\/?p=23950"},"modified":"2018-04-25T14:10:39","modified_gmt":"2018-04-25T17:10:39","slug":"ato-normativo-conjunto-no-014-2018-disp-25-04-2018","status":"publish","type":"post","link":"https:\/\/www.tjes.jus.br\/corregedoria\/2018\/04\/25\/ato-normativo-conjunto-no-014-2018-disp-25-04-2018\/","title":{"rendered":"ATO NORMATIVO CONJUNTO N\u00ba 014\/2018 &#8211; DISP. 25\/04\/2018"},"content":{"rendered":"<p style=\"text-align: center;\"><strong>ESTADO DO ESP\u00cdRITO SANTO<\/strong><\/p>\n<p style=\"text-align: center;\"><strong>PODER JUDICI\u00c1RIO<\/strong><\/p>\n<p style=\"text-align: center;\"><strong>ATO NORMATIVO CONJUNTO N\u00ba 014\/2018<\/strong><\/p>\n<p style=\"text-align: justify;\"><em>Prorroga a for\u00e7a tarefa para o cadastramento das pessoas presas no Esp\u00edrito Santo e dos mandados de pris\u00e3o em aberto no Banco Nacional de Monitoramento de Pris\u00f5es (BNMP 2.0) e d\u00e1 outras provid\u00eancias.<\/em><\/p>\n<p style=\"text-align: justify;\">O Excelent\u00edssimo Desembargador S\u00c9RGIO LUIZ TEIXEIRA GAMA, DD. Presidente do Egr\u00e9gio Tribunal de Justi\u00e7a do Estado do Esp\u00edrito Santo, o Excelent\u00edssimo Senhor Desembargador SAMUEL MEIRA BRASIL J\u00daNIOR, DD. Corregedor Geral da Justi\u00e7a do Estado do Esp\u00edrito Santo e o Excelent\u00edssimo Senhor Desembargador FERNANDO ZARDINI ANTONIO, DD. Supervisor das Varas Criminais e Execu\u00e7\u00f5es Penais e do GMF\/SC \u2013 Grupo de Monitoramento e Fiscaliza\u00e7\u00e3o do Sistema Carcer\u00e1rio do Esp\u00edrito Santo, no uso de suas atribui\u00e7\u00f5es legais e,<\/p>\n<p style=\"text-align: justify;\"><strong>CONSIDERANDO<\/strong> que a Excelent\u00edssima Ministra Presidente do c. Supremo Tribunal Federal e do c. Conselho Nacional de Justi\u00e7a, em reuni\u00e3o realizada com os Presidentes de Tribunais de Justi\u00e7a de todo o Pa\u00eds, no dia 20 de outubro de 2017, anunciou a implanta\u00e7\u00e3o do Banco Nacional de Monitoramento de Pris\u00f5es (BNMP 2.0), plataforma digital do Poder Judici\u00e1rio organizada com o objetivo de reunir, em um s\u00f3 cadastro, os dados sobre a popula\u00e7\u00e3o carcer\u00e1ria brasileira;<\/p>\n<p style=\"text-align: justify;\"><strong>CONSIDERANDO<\/strong> que o c. Conselho Nacional de Justi\u00e7a estabeleceu que o BNMP 2.0 dever\u00e1 ser implantado e estar em funcionamento a partir de maio do corrente ano;<\/p>\n<p style=\"text-align: justify;\"><strong>CONSIDERANDO<\/strong> a institui\u00e7\u00e3o do Ato Normativo n\u00ba 053\/2018, publicado no Di\u00e1rio da Justi\u00e7a de 08 de mar\u00e7o do corrente ano, o qual instituiu o Grupo de Trabalho para a implanta\u00e7\u00e3o do BNMP 2.0 no \u00e2mbito do Poder Judici\u00e1rio do Estado do Esp\u00edrito Santo;<\/p>\n<p style=\"text-align: justify;\"><strong>CONSIDERANDO<\/strong> que o Tribunal de Justi\u00e7a do Esp\u00edrito Santo foi escolhido pelo c. Conselho Nacional de Justi\u00e7a como piloto dentre os Tribunais da Regi\u00e3o Sudeste para a implanta\u00e7\u00e3o do BNMP 2.0;<\/p>\n<p style=\"text-align: justify;\"><strong>CONSIDERANDO<\/strong> que nos dias 15 e 16 de mar\u00e7o do corrente ano, a equipe do Conselho Nacional de Justi\u00e7a realizou, sob a coordena\u00e7\u00e3o do Departamento de Monitoramento e Fiscaliza\u00e7\u00e3o do Sistema Carcer\u00e1rio e do Sistema de Execu\u00e7\u00e3o de Medidas Socioeducativas \u2013 DMF, o treinamento de ju\u00edzes e servidores que atuam em Varas Criminais e de Fam\u00edlia para operarem o referido sistema;<\/p>\n<p style=\"text-align: justify;\"><strong>CONSIDERANDO<\/strong> a necessidade de cadastramento, inicialmente, de todas as pessoas presas no Estado do Esp\u00edrito Santo, independentemente do t\u00edtulo da pris\u00e3o, no BNMP 2.0, e em segundo momento, tamb\u00e9m dos mandados de pris\u00e3o em aberto;<\/p>\n<p style=\"text-align: justify;\"><strong>CONSIDERANDO<\/strong> que a Excelent\u00edssima Ministra Presidente do c. Supremo Tribunal Federal e do c. Conselho Nacional de Justi\u00e7a, em reuni\u00e3o realizada com os Presidentes de Tribunais de Justi\u00e7a de todo o Pa\u00eds, no \u00faltimo dia 16 de abril, anunciou que n\u00e3o haver\u00e1 prorroga\u00e7\u00e3o do prazo fixado para a conclus\u00e3o do cadastramento das pessoas presas, solicitando empenho de todos os Tribunais;<\/p>\n<p style=\"text-align: justify;\"><strong>RESOLVEM:<\/strong><\/p>\n<p style=\"text-align: justify;\"><strong>Art. <\/strong><strong>1\u00ba.<\/strong> Prorrogar a \u201cFor\u00e7a Tarefa\u201d para o cadastramento das pessoas presas no Estado do Esp\u00edrito Santo no BNMP 2.0, integrada pelos seguintes servidores do Poder Judici\u00e1rio:<\/p>\n<p style=\"text-align: justify;\">\u2013 Isabela Hollunder Apolin\u00e1rio de Souza, Analista Judici\u00e1rio \u2013 Execu\u00e7\u00e3o Penal<\/p>\n<p style=\"text-align: justify;\">\u2013 Carla Mileipe Festa, Analista Judici\u00e1rio \u2013 Execu\u00e7\u00e3o Penal<\/p>\n<p style=\"text-align: justify;\">\u2013 Ariella Lima Andrade, Analista Judici\u00e1rio \u2013 Execu\u00e7\u00e3o Penal<\/p>\n<p style=\"text-align: justify;\">\u2013 Leandro Machado de Miranda, Analista Judici\u00e1rio \u2013 Execu\u00e7\u00e3o Penal<\/p>\n<p style=\"text-align: justify;\">\u2013 Leandro Silva Oliveira, Analista Judici\u00e1rio \u2013 Execu\u00e7\u00e3o Penal<\/p>\n<p style=\"text-align: justify;\">\u2013 Rodson Barcellos Ferreira, Analista Judici\u00e1rio \u2013 Execu\u00e7\u00e3o Penal<\/p>\n<p style=\"text-align: justify;\">\u2013 Andrea Monjardim Faria Santos de Almeida &#8211; Analista Judici\u00e1rio<\/p>\n<p style=\"text-align: justify;\">\u2013 Deise Pe\u00e7anha Moreira Vieira, Analista Judici\u00e1rio<\/p>\n<p style=\"text-align: justify;\">\u2013 Dayla Meneghel Pereira, Analista Judici\u00e1rio \u2013 Execu\u00e7\u00e3o Penal<\/p>\n<p style=\"text-align: justify;\">\u2013 M\u00e1rcia Cunha Moulin Maraboti, Analista Judici\u00e1rio<\/p>\n<p style=\"text-align: justify;\">\u2013 Marcus Pinto Sobrosa, Analista Judici\u00e1rio \u2013 Execu\u00e7\u00e3o Penal<\/p>\n<p style=\"text-align: justify;\">\u2013 Telma de F\u00e1tima Noack de Souza, Analista Judici\u00e1rio Especial<\/p>\n<p style=\"text-align: justify;\">\u2013 Surama Camurugi Bas\u00edlio, Analista Judici\u00e1rio<\/p>\n<p style=\"text-align: justify;\">&#8211; Andr\u00e9a de Crignis Brasil, Analista Judici\u00e1rio<\/p>\n<p style=\"text-align: justify;\">&#8211; Vinicius Toscano Pinto, Analista Judici\u00e1rio<\/p>\n<p style=\"text-align: justify;\">Par\u00e1grafo \u00fanico. A For\u00e7a Tarefa ter\u00e1 dura\u00e7\u00e3o de 40 (quarenta) dias, com data de in\u00edcio em 27\/04\/2018.<\/p>\n<p style=\"text-align: justify;\"><strong>Art. <\/strong><strong>2\u00ba<\/strong>. A For\u00e7a Tarefa desenvolver\u00e1 as suas atividades em sala pr\u00f3pria no pr\u00e9dio da Corregedoria Geral de Justi\u00e7a e, no primeiro momento, realizar\u00e1 o cadastro dos presos condenados cujas guias de execu\u00e7\u00e3o tramitem <strong>na <\/strong><strong>8\u00aa <\/strong><strong>Vara <\/strong><strong>Criminal <\/strong><strong>de <\/strong><strong>Vila <\/strong><strong>Velha <\/strong><strong>(regime <\/strong><strong>fechado), <\/strong><strong>VEP <\/strong><strong>de <\/strong><strong>Vila <\/strong><strong>Velha <\/strong><strong>(regime <\/strong><strong>semiaberto), <\/strong><strong>2\u00aa <\/strong><strong>Vara <\/strong><strong>Criminal <\/strong><strong>de <\/strong><strong>Viana <\/strong><strong>(regime <\/strong><strong>fechado <\/strong><strong>e <\/strong><strong>semiaberto), <\/strong><strong>7\u00aa <\/strong><strong>Vara <\/strong><strong>Criminal <\/strong><strong>de <\/strong><strong>Vit\u00f3ria <\/strong><strong>(medidas <\/strong><strong>e <\/strong><strong>penas <\/strong><strong>alternativas) <\/strong><strong>e <\/strong><strong>9\u00aa <\/strong><strong>Vara <\/strong><strong>Criminal <\/strong><strong>de <\/strong><strong>Vit\u00f3ria <\/strong><strong>(regime <\/strong><strong>aberto <\/strong><strong>e <\/strong><strong>livramento <\/strong><strong>condicional<\/strong>), observada essa ordem.<\/p>\n<p style=\"text-align: justify;\">Par\u00e1grafo \u00fanico. A for\u00e7a tarefa pode ter a sua atua\u00e7\u00e3o estendida para as Varas Criminais com elevado n\u00famero de r\u00e9us presos, bem como para o cadastramento dos mandados de pris\u00e3o em aberto, a crit\u00e9rio da Supervis\u00e3o do GMF\/SC.<\/p>\n<p style=\"text-align: justify;\"><strong>Art. <\/strong><strong>3\u00ba<\/strong>. Os servidores que comp\u00f5em a For\u00e7a Tarefa poder\u00e3o atuar, caso seja necess\u00e1rio, e mediante designa\u00e7\u00e3o espec\u00edfica, em qualquer unidade judici\u00e1ria do Estado do Esp\u00edrito Santo onde tramite processo com pessoa presa;<\/p>\n<p style=\"text-align: justify;\">Par\u00e1grafo 1\u00ba. Os servidores integrantes da For\u00e7a Tarefa que ocupem fun\u00e7\u00e3o gratificada no \u00e2mbito do Poder Judici\u00e1rio nela atuar\u00e3o sem preju\u00edzo do exerc\u00edcio de suas fun\u00e7\u00f5es nas respectivas unidades judici\u00e1rias;<\/p>\n<p style=\"text-align: justify;\">Par\u00e1grafo 2\u00ba. Os analistas de execu\u00e7\u00e3o penal exercer\u00e3o as suas atividades na For\u00e7a Tarefa sem preju\u00edzo de suas atua\u00e7\u00f5es em inspe\u00e7\u00f5es nas unidades prisionais;<\/p>\n<p style=\"text-align: justify;\"><strong>Art. <\/strong><strong>4\u00ba.<\/strong> A Secretaria Geral do Tribunal de Justi\u00e7a viabilizar\u00e1 as provid\u00eancias de tecnologia da informa\u00e7\u00e3o, manuten\u00e7\u00e3o e infraestrutura, gest\u00e3o de pessoas, dentre outras, que se fizerem necess\u00e1rias \u00e0 consecu\u00e7\u00e3o dos objetivos da For\u00e7a Tarefa.<\/p>\n<p style=\"text-align: justify;\"><strong>Art. <\/strong><strong>5\u00ba<\/strong>. A coordena\u00e7\u00e3o dos trabalhos ficar\u00e1 a cargo dos Ju\u00edzes de Direito Gisele Souza de Oliveira, Coordenadora das Varas Criminais e de Execu\u00e7\u00f5es Penais, e Daniel Pe\u00e7anha Moreira e do Analista Judici\u00e1rio \u2013 Execu\u00e7\u00e3o Penal Leandro Silva Oliveira, sob a supervis\u00e3o do Desembargador Fernando Zardini Antonio, Supervisor do Grupo de Monitoramento e Fiscaliza\u00e7\u00e3o do Sistema Carcer\u00e1rio do Esp\u00edrito Santo \u2013 GMF\/SC.<\/p>\n<p style=\"text-align: justify;\"><strong>Art. <\/strong><strong>6\u00ba.<\/strong> A For\u00e7a Tarefa poder\u00e1 atuar tamb\u00e9m em dias de s\u00e1bado, domingo e feriados, durante 06 (seis) horas di\u00e1rias, mediante compensa\u00e7\u00e3o, aplicando-se o disposto nos arts. 2\u00ba e 3\u00ba do <a href=\"https:\/\/www.tjes.jus.br\/corregedoria\/2016\/07\/08\/ato-normativo-conjunto-no-0082016-disp-08072016\/\" target=\"_blank\" rel=\"noopener\">Ato Normativo Conjunto n\u00ba 008\/2016<\/a>, publicado no Di\u00e1rio da Justi\u00e7a de 08\/07\/2016 e, neste caso, poder\u00e1 contar com servidores volunt\u00e1rios que n\u00e3o integrem a For\u00e7a Tarefa, desde que capacitadas para tanto.<\/p>\n<p style=\"text-align: justify;\"><strong>Art. <\/strong><strong>7\u00ba.<\/strong> Este Ato entrar\u00e1 em vigor na data de sua publica\u00e7\u00e3o.<\/p>\n<p style=\"text-align: justify;\"><strong>Publique-se<\/strong>.<\/p>\n<p style=\"text-align: justify;\"><strong>Vit\u00f3ria\/ES, 24 de abril de 2018.<\/strong><\/p>\n<p style=\"text-align: center;\"><strong>Desembargador S\u00c9RGIO LUIZ TEIXEIRA GAMA<\/strong><\/p>\n<p style=\"text-align: center;\"><strong><em>Presidente do Egr\u00e9gio Tribunal de Justi\u00e7a do Estado do Esp\u00edrito Santo<\/em><\/strong><\/p>\n<p style=\"text-align: center;\"><strong>Desembargador SAMUEL MEIRA BRASIL J\u00daNIOR<\/strong><\/p>\n<p style=\"text-align: center;\"><strong>Corregedor Geral de Justi\u00e7a do Estado do Esp\u00edrito Santo<\/strong><\/p>\n<p style=\"text-align: center;\"><strong>Desembargador FERNANDO ZARDINI ANTONIO<\/strong><\/p>\n<p style=\"text-align: center;\"><strong><em>Supervisor do Grupo de Monitoramento e Fiscaliza\u00e7\u00e3o do Sistema Carcer\u00e1rio do Esp\u00edrito Santo<\/em><\/strong><\/p>\n","protected":false},"excerpt":{"rendered":"<p>ESTADO DO ESP\u00cdRITO SANTO PODER JUDICI\u00c1RIO ATO NORMATIVO CONJUNTO N\u00ba 014\/2018 Prorroga a for\u00e7a tarefa para o cadastramento das pessoas presas no Esp\u00edrito Santo e dos mandados de pris\u00e3o em aberto no Banco Nacional de Monitoramento de Pris\u00f5es (BNMP 2.0) e d\u00e1 outras provid\u00eancias. O Excelent\u00edssimo Desembargador S\u00c9RGIO LUIZ TEIXEIRA GAMA, DD. Presidente do Egr\u00e9gio [&hellip;]<\/p>\n","protected":false},"author":9,"featured_media":0,"comment_status":"open","ping_status":"open","sticky":false,"template":"","format":"standard","meta":{"footnotes":""},"categories":[4],"tags":[],"_links":{"self":[{"href":"https:\/\/www.tjes.jus.br\/corregedoria\/wp-json\/wp\/v2\/posts\/23950"}],"collection":[{"href":"https:\/\/www.tjes.jus.br\/corregedoria\/wp-json\/wp\/v2\/posts"}],"about":[{"href":"https:\/\/www.tjes.jus.br\/corregedoria\/wp-json\/wp\/v2\/types\/post"}],"author":[{"embeddable":true,"href":"https:\/\/www.tjes.jus.br\/corregedoria\/wp-json\/wp\/v2\/users\/9"}],"replies":[{"embeddable":true,"href":"https:\/\/www.tjes.jus.br\/corregedoria\/wp-json\/wp\/v2\/comments?post=23950"}],"version-history":[{"count":1,"href":"https:\/\/www.tjes.jus.br\/corregedoria\/wp-json\/wp\/v2\/posts\/23950\/revisions"}],"predecessor-version":[{"id":23952,"href":"https:\/\/www.tjes.jus.br\/corregedoria\/wp-json\/wp\/v2\/posts\/23950\/revisions\/23952"}],"wp:attachment":[{"href":"https:\/\/www.tjes.jus.br\/corregedoria\/wp-json\/wp\/v2\/media?parent=23950"}],"wp:term":[{"taxonomy":"category","embeddable":true,"href":"https:\/\/www.tjes.jus.br\/corregedoria\/wp-json\/wp\/v2\/categories?post=23950"},{"taxonomy":"post_tag","embeddable":true,"href":"https:\/\/www.tjes.jus.br\/corregedoria\/wp-json\/wp\/v2\/tags?post=23950"}],"curies":[{"name":"wp","href":"https:\/\/api.w.org\/{rel}","templated":true}]}}