{"id":24037,"date":"2018-05-15T12:47:15","date_gmt":"2018-05-15T15:47:15","guid":{"rendered":"https:\/\/www.tjes.jus.br\/corregedoria\/?p=24037"},"modified":"2018-05-15T12:49:52","modified_gmt":"2018-05-15T15:49:52","slug":"resolucao-no-17-2018-disp-07-05-2018","status":"publish","type":"post","link":"https:\/\/www.tjes.jus.br\/corregedoria\/2018\/05\/15\/resolucao-no-17-2018-disp-07-05-2018\/","title":{"rendered":"RESOLU\u00c7\u00c3O N\u00ba 17\/2018 &#8211; DISP. 07\/05\/2018"},"content":{"rendered":"<p style=\"text-align: center;\" align=\"center\">ESTADO DO ESP\u00cdRITO SANTO<\/p>\n<p style=\"text-align: center;\" align=\"center\">PODER JUDICI\u00c1RIO<\/p>\n<p style=\"text-align: center;\" align=\"center\">TRIBUNAL DE JUSTI\u00c7A<\/p>\n<p style=\"text-align: center;\" align=\"center\"><strong>RESOLU\u00c7\u00c3O N\u00ba 17\/2018<\/strong><\/p>\n<p style=\"text-align: justify;\" align=\"justify\">Altera a reda\u00e7\u00e3o do artigo 2\u00ba, paragrafo 2\u00ba, da <a href=\"https:\/\/www.tjes.jus.br\/corregedoria\/2017\/07\/19\/resolucao-no-182017-disp-19072017\/\" target=\"_blank\" rel=\"noopener\">Resolu\u00e7\u00e3o n\u00ba. 18\/2017<\/a>, do Egr\u00e9gio Tribunal de Justi\u00e7a do Estado do Esp\u00edrito Santo.<\/p>\n<p style=\"text-align: justify;\" align=\"justify\">O Excelent\u00edssimo Senhor Desembargador S\u00c9RGIO LUIZ TEIXEIRA GAMA, Presidente do Egr\u00e9gio Tribunal de Justi\u00e7a do Estado do Esp\u00edrito Santo, no uso de suas atribui\u00e7\u00f5es legais e regimentais e, tendo em vista decis\u00e3o do egr\u00e9gio Tribunal Pleno,<\/p>\n<p style=\"text-align: justify;\" align=\"justify\">CONSIDERANDO a necessidade de a melhor adequa\u00e7\u00e3o dos crit\u00e9rios de produtividade e presteza para a premia\u00e7\u00e3o, reconhecimento e valoriza\u00e7\u00e3o da efici\u00eancia dos magistrados e servidores no desempenho de suas atividades por meio do \u201cM\u00c9RITO JURISDICIONAL DESEMBARGADOR WILLIAM COUTO GON\u00c7ALVES\u201d.,<\/p>\n<p style=\"text-align: justify;\">RESOLVE:<\/p>\n<p style=\"text-align: justify;\">Art. 1\u00ba \u2013 O artigo 2\u00ba, par\u00e1grafo 2\u00ba da <a href=\"https:\/\/www.tjes.jus.br\/corregedoria\/2017\/07\/19\/resolucao-no-182017-disp-19072017\/\" target=\"_blank\" rel=\"noopener\">Resolu\u00e7\u00e3o n\u00ba. 18\/2017<\/a>, do Egr\u00e9gio Tribunal de Justi\u00e7a do Estado do Esp\u00edrito Santo, passar\u00e1 a vigorar com a seguinte reda\u00e7\u00e3o:<\/p>\n<p style=\"text-align: justify;\">\u201cArt. 2\u00ba \u2013&#8230;<\/p>\n<p style=\"text-align: justify;\">\u00a7 1\u00ba \u2013&#8230;<\/p>\n<p style=\"text-align: justify;\">\u00a7 2\u00ba &#8211; Excepcionalmente, at\u00e9 que a taxa de congestionamento seja disponibilizada em painel de gest\u00e3o para controle de cada unidade judici\u00e1ria, considerar-se-\u00e3o cumpridos os crit\u00e9rios, para efeito de premia\u00e7\u00e3o, pelas unidades judici\u00e1rias que hajam atingido todas as Metas Nacionais estabelecidas pelo Colendo Conselho Nacional de Justi\u00e7a a que estiverem vinculadas.<\/p>\n<p style=\"text-align: justify;\">\u00a7 4\u00ba \u2013 Quanto \u00e0 premia\u00e7\u00e3o a que se refere o \u00a7 2\u00ba deste artigo, apenas poder\u00e3o concorrer as unidades judici\u00e1rias que estejam submetidas \u00e0s Metas Nacionais do Poder Judici\u00e1rio e, ainda considerar-se-\u00e3o exclusivamente os dados relativos aos processos de conhecimento.<\/p>\n<p style=\"text-align: justify;\">Art. 2\u00ba \u2013 Esta Resolu\u00e7\u00e3o entra em vigor na data de sua publica\u00e7\u00e3o, revogando-se os dispositivos em contr\u00e1rio.<\/p>\n<p style=\"text-align: justify;\">Publique-se.<\/p>\n<p style=\"text-align: center;\" align=\"center\">Vit\u00f3ria, 04 de maio de 2018.<\/p>\n<p style=\"text-align: center;\" align=\"center\">Des. S\u00c9RGIO LUIZ TEIXEIRA GAMA<\/p>\n<p style=\"text-align: center;\" align=\"center\">Presidente<\/p>\n","protected":false},"excerpt":{"rendered":"<p>ESTADO DO ESP\u00cdRITO SANTO PODER JUDICI\u00c1RIO TRIBUNAL DE JUSTI\u00c7A RESOLU\u00c7\u00c3O N\u00ba 17\/2018 Altera a reda\u00e7\u00e3o do artigo 2\u00ba, paragrafo 2\u00ba, da Resolu\u00e7\u00e3o n\u00ba. 18\/2017, do Egr\u00e9gio Tribunal de Justi\u00e7a do Estado do Esp\u00edrito Santo. O Excelent\u00edssimo Senhor Desembargador S\u00c9RGIO LUIZ TEIXEIRA GAMA, Presidente do Egr\u00e9gio Tribunal de Justi\u00e7a do Estado do Esp\u00edrito Santo, no uso [&hellip;]<\/p>\n","protected":false},"author":9,"featured_media":0,"comment_status":"open","ping_status":"open","sticky":false,"template":"","format":"standard","meta":{"footnotes":""},"categories":[14,13],"tags":[],"_links":{"self":[{"href":"https:\/\/www.tjes.jus.br\/corregedoria\/wp-json\/wp\/v2\/posts\/24037"}],"collection":[{"href":"https:\/\/www.tjes.jus.br\/corregedoria\/wp-json\/wp\/v2\/posts"}],"about":[{"href":"https:\/\/www.tjes.jus.br\/corregedoria\/wp-json\/wp\/v2\/types\/post"}],"author":[{"embeddable":true,"href":"https:\/\/www.tjes.jus.br\/corregedoria\/wp-json\/wp\/v2\/users\/9"}],"replies":[{"embeddable":true,"href":"https:\/\/www.tjes.jus.br\/corregedoria\/wp-json\/wp\/v2\/comments?post=24037"}],"version-history":[{"count":3,"href":"https:\/\/www.tjes.jus.br\/corregedoria\/wp-json\/wp\/v2\/posts\/24037\/revisions"}],"predecessor-version":[{"id":24045,"href":"https:\/\/www.tjes.jus.br\/corregedoria\/wp-json\/wp\/v2\/posts\/24037\/revisions\/24045"}],"wp:attachment":[{"href":"https:\/\/www.tjes.jus.br\/corregedoria\/wp-json\/wp\/v2\/media?parent=24037"}],"wp:term":[{"taxonomy":"category","embeddable":true,"href":"https:\/\/www.tjes.jus.br\/corregedoria\/wp-json\/wp\/v2\/categories?post=24037"},{"taxonomy":"post_tag","embeddable":true,"href":"https:\/\/www.tjes.jus.br\/corregedoria\/wp-json\/wp\/v2\/tags?post=24037"}],"curies":[{"name":"wp","href":"https:\/\/api.w.org\/{rel}","templated":true}]}}