{"id":24046,"date":"2018-05-15T12:58:27","date_gmt":"2018-05-15T15:58:27","guid":{"rendered":"https:\/\/www.tjes.jus.br\/corregedoria\/?p=24046"},"modified":"2018-05-15T12:59:54","modified_gmt":"2018-05-15T15:59:54","slug":"resolucao-n-18-2018-disp-15-05-2018","status":"publish","type":"post","link":"https:\/\/www.tjes.jus.br\/corregedoria\/2018\/05\/15\/resolucao-n-18-2018-disp-15-05-2018\/","title":{"rendered":"RESOLU\u00c7\u00c3O N\u00b0 18\/2018 -DISP. 15\/05\/2018"},"content":{"rendered":"<p style=\"text-align: center;\" align=\"center\">ESTADO DO ESP\u00cdRITO SANTO<\/p>\n<p style=\"text-align: center;\" align=\"center\">PODER JUDICI\u00c1RIO<\/p>\n<p style=\"text-align: center;\" align=\"center\">TRIBUNAL DE JUSTI\u00c7A<\/p>\n<p style=\"text-align: center;\" align=\"center\"><strong>RESOLU\u00c7\u00c3O N\u00b0 18\/<\/strong><strong>2018<\/strong><\/p>\n<p style=\"text-align: justify;\" align=\"justify\">REVOGA o art. 5<sup>o<\/sup> da <a href=\"https:\/\/www.tjes.jus.br\/corregedoria\/2016\/07\/04\/resolucao-no-472014-disp-07102014\/\" target=\"_blank\" rel=\"noopener\">Resolu\u00e7\u00e3o n\u00b0 47\/2014<\/a> do Egr\u00e9gio Tribunal de Justi\u00e7a do Estado do Esp\u00edrito Santo, que disp\u00f5e sobre reequil\u00edbrio de trabalho e produtividade.<\/p>\n<p style=\"text-align: justify;\" align=\"justify\">O Excelent\u00edssimo Senhor Desembargador S\u00c9RGIO LUIZ TEIXEIRA GAMA, Presidente do Egr\u00e9gio Tribunal de Justi\u00e7a do Estado do Esp\u00edrito Santo, no uso de suas atribui\u00e7\u00f5es legais e regimentais e, tendo em vista decis\u00e3o do egr\u00e9gio Tribunal Pleno,<\/p>\n<p style=\"text-align: justify;\" align=\"justify\">CONSIDERANDO que o art. 181, da Lei Complementar n\u00b0 234\/02, atribui ao Tribunal de Justi\u00e7a compet\u00eancia para editar Resolu\u00e7\u00f5es, a fim de instituir normas gerais e necess\u00e1rias \u00e0 execu\u00e7\u00e3o da Organiza\u00e7\u00e3o Judici\u00e1ria;<\/p>\n<p style=\"text-align: justify;\" align=\"justify\">CONSIDERANDO as diretrizes da Lei Complementar n\u00b0 788\/2014, em rela\u00e7\u00e3o \u00e0 Reestrutura\u00e7\u00e3o das Unidades Judici\u00e1rias do Poder Judici\u00e1rio Estadual;<\/p>\n<p style=\"text-align: justify;\" align=\"justify\">CONSIDERANDO a necessidade de desenvolvimento de iniciativas voltadas \u00e0 valoriza\u00e7\u00e3o do I<sup>o<\/sup> grau de Jurisdi\u00e7\u00e3o, nos termos da Resolu\u00e7\u00e3o n\u00b0 194\/2014 do Conselho Nacional de Justi\u00e7a, e a necessidade constante de implementar melhorias na presta\u00e7\u00e3o jurisdicional;<\/p>\n<p style=\"text-align: justify;\" align=\"justify\">CONSIDERANDO o disposto no art. 39, inciso I, al\u00ednea &#8220;e&#8221;, da Lei Complementar n\u00b0 234\/02, com a reda\u00e7\u00e3o conferida pela Lei Complementar n\u00b0 788\/2014;<\/p>\n<p style=\"text-align: justify;\" align=\"justify\">CONSIDERANDO a necessidade de reequil\u00edbrio da for\u00e7a de trabalho nas unidades judici\u00e1rias de Fazenda P\u00fablica da Comarca da Capital;<\/p>\n<p style=\"text-align: justify;\" align=\"justify\">CONSIDERANDO as recomenda\u00e7\u00f5es feitas pelo Conselho Nacional de Justi\u00e7a, no relat\u00f3rio da inspe\u00e7\u00e3o realizada neste Egr\u00e9gio Tribunal de Justi\u00e7a, no sentido de implementar melhor distribui\u00e7\u00e3o de processos e servi\u00e7os entre as Varas do Judici\u00e1rio Estadual;<\/p>\n<p style=\"text-align: justify;\" align=\"justify\">CONSIDERANDO a necessidade de se estabelecer crit\u00e9rios objetivos para uma compensa\u00e7\u00e3o de distribui\u00e7\u00e3o de feitos entre as Varas com acervo reduzido e as demais com a mesma compet\u00eancia, ap\u00f3s a vig\u00eancia desta Resolu\u00e7\u00e3o;<\/p>\n<p style=\"text-align: justify;\">RESOLVE:<\/p>\n<p style=\"text-align: justify;\" align=\"justify\">Art. 1<sup>o<\/sup> &#8211; Fica revogado o artigo 5<sup>o<\/sup> da <a href=\"https:\/\/www.tjes.jus.br\/corregedoria\/2016\/07\/04\/resolucao-no-472014-disp-07102014\/\" target=\"_blank\" rel=\"noopener\">Resolu\u00e7\u00e3o n\u00b0 47\/2014<\/a> do Egr\u00e9gio Tribunal de Justi\u00e7a do Estado do Esp\u00edrito Santo, publicada em 07 de Outubro de 2014.<\/p>\n<p style=\"text-align: justify;\" align=\"justify\">Art. 2<sup>o<\/sup> &#8211; Os casos omissos ser\u00e3o resolvidos pelo Presidente do Egr\u00e9gio Tribunal de Justi\u00e7a.<\/p>\n<p style=\"text-align: justify;\">Art. 3<sup>o<\/sup> &#8211; A presente Resolu\u00e7\u00e3o entra em vigor na data de sua publica\u00e7\u00e3o.<\/p>\n<p style=\"text-align: center;\" align=\"center\">Vit\u00f3ria, 11 de maio de 2018.<\/p>\n<p style=\"text-align: center;\" align=\"center\">Des. S\u00c9RGIO LUIZ TEIXEIRA GAMA<\/p>\n<p style=\"text-align: center;\" align=\"center\">Presidente<\/p>\n","protected":false},"excerpt":{"rendered":"<p>ESTADO DO ESP\u00cdRITO SANTO PODER JUDICI\u00c1RIO TRIBUNAL DE JUSTI\u00c7A RESOLU\u00c7\u00c3O N\u00b0 18\/2018 REVOGA o art. 5o da Resolu\u00e7\u00e3o n\u00b0 47\/2014 do Egr\u00e9gio Tribunal de Justi\u00e7a do Estado do Esp\u00edrito Santo, que disp\u00f5e sobre reequil\u00edbrio de trabalho e produtividade. O Excelent\u00edssimo Senhor Desembargador S\u00c9RGIO LUIZ TEIXEIRA GAMA, Presidente do Egr\u00e9gio Tribunal de Justi\u00e7a do Estado do [&hellip;]<\/p>\n","protected":false},"author":9,"featured_media":0,"comment_status":"open","ping_status":"open","sticky":false,"template":"","format":"standard","meta":{"footnotes":""},"categories":[13],"tags":[],"_links":{"self":[{"href":"https:\/\/www.tjes.jus.br\/corregedoria\/wp-json\/wp\/v2\/posts\/24046"}],"collection":[{"href":"https:\/\/www.tjes.jus.br\/corregedoria\/wp-json\/wp\/v2\/posts"}],"about":[{"href":"https:\/\/www.tjes.jus.br\/corregedoria\/wp-json\/wp\/v2\/types\/post"}],"author":[{"embeddable":true,"href":"https:\/\/www.tjes.jus.br\/corregedoria\/wp-json\/wp\/v2\/users\/9"}],"replies":[{"embeddable":true,"href":"https:\/\/www.tjes.jus.br\/corregedoria\/wp-json\/wp\/v2\/comments?post=24046"}],"version-history":[{"count":2,"href":"https:\/\/www.tjes.jus.br\/corregedoria\/wp-json\/wp\/v2\/posts\/24046\/revisions"}],"predecessor-version":[{"id":24049,"href":"https:\/\/www.tjes.jus.br\/corregedoria\/wp-json\/wp\/v2\/posts\/24046\/revisions\/24049"}],"wp:attachment":[{"href":"https:\/\/www.tjes.jus.br\/corregedoria\/wp-json\/wp\/v2\/media?parent=24046"}],"wp:term":[{"taxonomy":"category","embeddable":true,"href":"https:\/\/www.tjes.jus.br\/corregedoria\/wp-json\/wp\/v2\/categories?post=24046"},{"taxonomy":"post_tag","embeddable":true,"href":"https:\/\/www.tjes.jus.br\/corregedoria\/wp-json\/wp\/v2\/tags?post=24046"}],"curies":[{"name":"wp","href":"https:\/\/api.w.org\/{rel}","templated":true}]}}