{"id":24052,"date":"2018-05-15T13:02:43","date_gmt":"2018-05-15T16:02:43","guid":{"rendered":"https:\/\/www.tjes.jus.br\/corregedoria\/?p=24052"},"modified":"2018-05-15T13:02:43","modified_gmt":"2018-05-15T16:02:43","slug":"ato-normativo-no-094-2018-disp-15-05-2018","status":"publish","type":"post","link":"https:\/\/www.tjes.jus.br\/corregedoria\/2018\/05\/15\/ato-normativo-no-094-2018-disp-15-05-2018\/","title":{"rendered":"ATO NORMATIVO N\u00ba 094\/2018 &#8211; DISP. 15\/05\/2018"},"content":{"rendered":"<p style=\"text-align: center;\" align=\"center\">ESTADO DO ESP\u00cdRITO SANTO<\/p>\n<p style=\"text-align: center;\" align=\"center\">PODER JUDICI\u00c1RIO<\/p>\n<p style=\"text-align: center;\" align=\"center\">TRIBUNAL DE JUSTI\u00c7A<\/p>\n<p style=\"text-align: center;\" align=\"center\"><i>GABINETE DA PRESID\u00caNCIA<\/i><\/p>\n<p style=\"text-align: center;\" align=\"center\"><strong>ATO NORMATIVO n\u00ba 094\/2018<\/strong><\/p>\n<p style=\"text-align: left;\" align=\"justify\">O Excelent\u00edssimo Senhor Desembargador S\u00e9rgio Luiz Teixeira Gama, Presidente do Egr\u00e9gio Tribunal de Justi\u00e7a do Estado do Esp\u00edrito Santo, no uso de suas atribui\u00e7\u00f5es legais,<\/p>\n<p style=\"text-align: justify;\" align=\"justify\">CONSIDERANDO o teor do expediente protocolado neste Egr\u00e9gio Tribunal de Justi\u00e7a sob o n\u00famero 2018.00.662.322, subscrito pelo Exmo. Sr. Dr. Akel de Andrade Lima, Juiz de Direito respondendo pela Vara \u00danica da Comarca de Ibatiba, comunicando a necessidade de promover o cadastramento de todas as pessoas presas, bem como de todos os mandados de pris\u00e3o no sistema do BNMP 2.0;<\/p>\n<p style=\"text-align: justify;\" align=\"justify\">CONSIDERANDO que apesar do empenho dos servidores em cumprir os prazos fixados pelo CNJ, os esfor\u00e7os n\u00e3o s\u00e3o suficientes tendo em vista o elevado n\u00famero de pessoas e mandados de pris\u00e3o a serem cadastrados e o baixo n\u00famero de servidores dispon\u00edveis para a realiza\u00e7\u00e3o da tarefa;<\/p>\n<p style=\"text-align: justify;\" align=\"justify\">RESOLVE:<\/p>\n<p style=\"text-align: justify;\" align=\"justify\">CONSIDERAR SUSPENSOS os prazos processuais na Comarca de Ibatiba na data de 14 de Maio de 2018.<\/p>\n<p style=\"text-align: justify;\" align=\"justify\">SUSPENDER os prazos processuais e o atendimento ao p\u00fablico na Comarca de Ibatiba nas datas de 15 e 16 de Maio de 2018, sem preju\u00edzo das audi\u00eancias j\u00e1 designadas, as quais est\u00e3o mantidas, sem preju\u00edzo \u00e0s partes e aos advogados.<\/p>\n<p style=\"text-align: justify;\" align=\"justify\">Publique-se.<\/p>\n<p style=\"text-align: center;\" align=\"center\">Vit\u00f3ria, 14 de Maio de 2018.<\/p>\n<p style=\"text-align: center;\" align=\"center\"><span lang=\"pt-BR\">Desembargador S\u00c9RGIO LUIZ TEIXEIRA GAMA<\/span><\/p>\n<p style=\"text-align: center;\" align=\"center\"><span lang=\"pt-BR\">Presidente<\/span><\/p>\n","protected":false},"excerpt":{"rendered":"<p>ESTADO DO ESP\u00cdRITO SANTO PODER JUDICI\u00c1RIO TRIBUNAL DE JUSTI\u00c7A GABINETE DA PRESID\u00caNCIA ATO NORMATIVO n\u00ba 094\/2018 O Excelent\u00edssimo Senhor Desembargador S\u00e9rgio Luiz Teixeira Gama, Presidente do Egr\u00e9gio Tribunal de Justi\u00e7a do Estado do Esp\u00edrito Santo, no uso de suas atribui\u00e7\u00f5es legais, CONSIDERANDO o teor do expediente protocolado neste Egr\u00e9gio Tribunal de Justi\u00e7a sob o n\u00famero [&hellip;]<\/p>\n","protected":false},"author":9,"featured_media":0,"comment_status":"open","ping_status":"open","sticky":false,"template":"","format":"standard","meta":{"footnotes":""},"categories":[4],"tags":[],"_links":{"self":[{"href":"https:\/\/www.tjes.jus.br\/corregedoria\/wp-json\/wp\/v2\/posts\/24052"}],"collection":[{"href":"https:\/\/www.tjes.jus.br\/corregedoria\/wp-json\/wp\/v2\/posts"}],"about":[{"href":"https:\/\/www.tjes.jus.br\/corregedoria\/wp-json\/wp\/v2\/types\/post"}],"author":[{"embeddable":true,"href":"https:\/\/www.tjes.jus.br\/corregedoria\/wp-json\/wp\/v2\/users\/9"}],"replies":[{"embeddable":true,"href":"https:\/\/www.tjes.jus.br\/corregedoria\/wp-json\/wp\/v2\/comments?post=24052"}],"version-history":[{"count":1,"href":"https:\/\/www.tjes.jus.br\/corregedoria\/wp-json\/wp\/v2\/posts\/24052\/revisions"}],"predecessor-version":[{"id":24053,"href":"https:\/\/www.tjes.jus.br\/corregedoria\/wp-json\/wp\/v2\/posts\/24052\/revisions\/24053"}],"wp:attachment":[{"href":"https:\/\/www.tjes.jus.br\/corregedoria\/wp-json\/wp\/v2\/media?parent=24052"}],"wp:term":[{"taxonomy":"category","embeddable":true,"href":"https:\/\/www.tjes.jus.br\/corregedoria\/wp-json\/wp\/v2\/categories?post=24052"},{"taxonomy":"post_tag","embeddable":true,"href":"https:\/\/www.tjes.jus.br\/corregedoria\/wp-json\/wp\/v2\/tags?post=24052"}],"curies":[{"name":"wp","href":"https:\/\/api.w.org\/{rel}","templated":true}]}}