{"id":24112,"date":"2018-05-24T13:12:31","date_gmt":"2018-05-24T16:12:31","guid":{"rendered":"https:\/\/www.tjes.jus.br\/corregedoria\/?p=24112"},"modified":"2018-05-24T13:12:31","modified_gmt":"2018-05-24T16:12:31","slug":"portaria-no-05-2018-disp-11-05-2018","status":"publish","type":"post","link":"https:\/\/www.tjes.jus.br\/corregedoria\/2018\/05\/24\/portaria-no-05-2018-disp-11-05-2018\/","title":{"rendered":"PORTARIA N\u00ba 05\/2018 \u2013 DISP. 11\/05\/2018"},"content":{"rendered":"<p align=\"center\"><strong>ESTADO DO ESP\u00cdRITO SANTO<\/strong><\/p>\n<p align=\"center\"><strong>PODER JUDICI\u00c1RIO<\/strong><\/p>\n<p align=\"center\"><strong>CORREGEDORIA GERAL DA JUSTI\u00c7A<\/strong><\/p>\n<p align=\"center\"><strong>PORTARIA N.\u00ba 05\/2018<\/strong><\/p>\n<p>&nbsp;<\/p>\n<p align=\"justify\">O Desembargador <strong>SAMUEL MEIRA BRASIL JUNIOR<\/strong>, Corregedor-Geral da Justi\u00e7a do Estado do Esp\u00edrito Santo, no uso de suas atribui\u00e7\u00f5es legais,<\/p>\n<p align=\"justify\">Em atendimento ao art. 60, inciso V, e art. 61, par\u00e1grafos 1\u00ba e 2\u00ba, da Resolu\u00e7\u00e3o N\u00ba 15\/95,<strong> DETERMIN<\/strong><strong>A <\/strong><strong>que se instaure CORREI\u00c7\u00c3O GERAL ORDIN\u00c1RIA NA COMARCA <\/strong><strong>DE\u00a0<\/strong><strong>FUND\u00c3O<\/strong><strong>, <\/strong>abrangendo 01 unidade judici\u00e1ria e 05 serventias extrajudiciais.<\/p>\n<p align=\"justify\">A sess\u00e3o de instala\u00e7\u00e3o foi designada para o <strong>dia <\/strong><strong>1<\/strong><strong>4<\/strong><strong> (<\/strong><strong>quatorze<\/strong><strong>) de <\/strong><strong>maio<\/strong><strong>do ano <\/strong><strong>de 201<\/strong><strong>8<\/strong><strong>,<\/strong><strong> \u00e0s <\/strong><strong>1<\/strong><strong>2<\/strong><strong>:<\/strong><strong>00 horas,<\/strong> na Sala do Tribunal do J\u00fari da aludida Comarca.<\/p>\n<p align=\"justify\">Ao 08 (oito) dias do m\u00eas de maio do ano dois mil e dezoito (2018). Eu, _________, da Secretaria de Monitoramento Judicial e Extrajudicial, a digitei e subscrevi.<\/p>\n<p>&nbsp;<\/p>\n<p align=\"center\"><strong>Desembargador <\/strong><strong>SAMUEL MEIRA BRASIL JUNIOR<\/strong><\/p>\n<p align=\"center\"><strong>Corregedor-Geral da Justi\u00e7a<\/strong><\/p>\n<p align=\"center\">\n","protected":false},"excerpt":{"rendered":"<p>ESTADO DO ESP\u00cdRITO SANTO PODER JUDICI\u00c1RIO CORREGEDORIA GERAL DA JUSTI\u00c7A PORTARIA N.\u00ba 05\/2018 &nbsp; O Desembargador SAMUEL MEIRA BRASIL JUNIOR, Corregedor-Geral da Justi\u00e7a do Estado do Esp\u00edrito Santo, no uso de suas atribui\u00e7\u00f5es legais, Em atendimento ao art. 60, inciso V, e art. 61, par\u00e1grafos 1\u00ba e 2\u00ba, da Resolu\u00e7\u00e3o N\u00ba 15\/95, DETERMINA que se [&hellip;]<\/p>\n","protected":false},"author":8,"featured_media":0,"comment_status":"open","ping_status":"open","sticky":false,"template":"","format":"standard","meta":{"footnotes":""},"categories":[6],"tags":[],"_links":{"self":[{"href":"https:\/\/www.tjes.jus.br\/corregedoria\/wp-json\/wp\/v2\/posts\/24112"}],"collection":[{"href":"https:\/\/www.tjes.jus.br\/corregedoria\/wp-json\/wp\/v2\/posts"}],"about":[{"href":"https:\/\/www.tjes.jus.br\/corregedoria\/wp-json\/wp\/v2\/types\/post"}],"author":[{"embeddable":true,"href":"https:\/\/www.tjes.jus.br\/corregedoria\/wp-json\/wp\/v2\/users\/8"}],"replies":[{"embeddable":true,"href":"https:\/\/www.tjes.jus.br\/corregedoria\/wp-json\/wp\/v2\/comments?post=24112"}],"version-history":[{"count":1,"href":"https:\/\/www.tjes.jus.br\/corregedoria\/wp-json\/wp\/v2\/posts\/24112\/revisions"}],"predecessor-version":[{"id":24113,"href":"https:\/\/www.tjes.jus.br\/corregedoria\/wp-json\/wp\/v2\/posts\/24112\/revisions\/24113"}],"wp:attachment":[{"href":"https:\/\/www.tjes.jus.br\/corregedoria\/wp-json\/wp\/v2\/media?parent=24112"}],"wp:term":[{"taxonomy":"category","embeddable":true,"href":"https:\/\/www.tjes.jus.br\/corregedoria\/wp-json\/wp\/v2\/categories?post=24112"},{"taxonomy":"post_tag","embeddable":true,"href":"https:\/\/www.tjes.jus.br\/corregedoria\/wp-json\/wp\/v2\/tags?post=24112"}],"curies":[{"name":"wp","href":"https:\/\/api.w.org\/{rel}","templated":true}]}}