{"id":24312,"date":"2018-06-19T12:25:07","date_gmt":"2018-06-19T15:25:07","guid":{"rendered":"https:\/\/www.tjes.jus.br\/corregedoria\/?p=24312"},"modified":"2018-06-19T12:25:07","modified_gmt":"2018-06-19T15:25:07","slug":"oficio-circular-no-72-2018-disp-19-06-2018","status":"publish","type":"post","link":"https:\/\/www.tjes.jus.br\/corregedoria\/2018\/06\/19\/oficio-circular-no-72-2018-disp-19-06-2018\/","title":{"rendered":"OF\u00cdCIO-CIRCULAR N\u00ba 72\/2018 \u2013 DISP. 19\/06\/2018"},"content":{"rendered":"<p align=\"center\"><span lang=\"pt-BR\"><strong>ESTADO DO ESP\u00cdRITO SANTO<\/strong><\/span><\/p>\n<p align=\"center\"><span lang=\"pt-BR\"><strong>PODER JUDICI\u00c1RIO<\/strong><\/span><\/p>\n<p align=\"center\"><span lang=\"pt-BR\"><strong>CORREGEDORIA GERAL DA JUSTI\u00c7A<\/strong><\/span><\/p>\n<p>&nbsp;<\/p>\n<p style=\"text-align: center;\" align=\"justify\"><span lang=\"pt-BR\"><strong>OF\u00cdCIO-CIRCULAR N.\u00ba 072\/2018<\/strong><\/span><\/p>\n<p style=\"text-align: center;\" align=\"justify\"><span lang=\"pt-BR\"><strong>Protocolo: <\/strong><\/span><span lang=\"pt-BR\"><strong>201800318434<\/strong><\/span><\/p>\n<p>&nbsp;<\/p>\n<p><span lang=\"pt-BR\">O Desembargador Corregedor-Geral da Justi\u00e7a do Estado do Esp\u00edrito Santo, no uso de suas atribui\u00e7\u00f5es legais:<\/span><\/p>\n<p><span lang=\"pt-BR\"><strong>CONSIDERANDO<\/strong><\/span><span lang=\"pt-BR\"> que a Corregedoria Geral da Justi\u00e7a \u00e9 \u00f3rg\u00e3o de fiscaliza\u00e7\u00e3o, disciplina e orienta\u00e7\u00e3o administrativa, com circunscri\u00e7\u00e3o em todo o Estado, conforme art. 35 da Lei Complementar Estadual n.\u00ba 234\/2002 (COJES);<\/span><\/p>\n<p style=\"text-align: justify;\"><span lang=\"pt-BR\"><strong>CONSIDERANDO<\/strong><\/span><span lang=\"pt-BR\"> o recebimento do comunicado enviado para esta Corregedoria sob n.\u00ba<\/span><span lang=\"pt-BR\"><strong> 201800318434<\/strong><\/span><span lang=\"pt-BR\">, do Cart\u00f3rio do 2\u00ba Of\u00edcio de Notas do Ju\u00edzo de Vit\u00f3ria\/ES;<\/span><\/p>\n<p style=\"text-align: justify;\"><span lang=\"pt-BR\"><strong>CONSIDERANDO<\/strong><\/span><span lang=\"pt-BR\"> que o referido comunicado informa sobre a inutiliza\u00e7\u00e3o de pap\u00e9is de seguran\u00e7a para o ato de aposi\u00e7\u00e3o de apostila, conforme consta em anexo.<\/span><\/p>\n<p style=\"text-align: justify;\"><span lang=\"pt-BR\"><strong>RECOMENDA<\/strong><\/span><span lang=\"pt-BR\"> aos Ju\u00edzes de Direito Diretores dos Foros, Membros do Minist\u00e9rio P\u00fablico, Advogados, Not\u00e1rios e Registradores, Serventu\u00e1rios e a quem mais possa interessar, que observem os comunicados em anexo, e adotem as provid\u00eancias que entenderem pertinentes.<\/span><\/p>\n<p><span lang=\"pt-BR\"><strong>Publique-se. Cumpra-se.<\/strong><\/span><\/p>\n<p><span lang=\"pt-BR\">Vit\u00f3ria\/ES, 06 de junho de 2018.<\/span><\/p>\n<p align=\"center\"><span lang=\"pt-BR\"><strong>Desembargador SAMUEL MEIRA BRASIL JR.<\/strong><\/span><\/p>\n<p align=\"center\"><span lang=\"pt-BR\"><strong>Corregedor Geral da Justi\u00e7a<\/strong><\/span><\/p>\n<p align=\"center\"><span lang=\"pt-BR\"><strong><a href=\"https:\/\/sistemas.tjes.jus.br\/ediario\/images\/CERTID%C3%83O_-_CORREGEDORIA.pdf\" target=\"_blank\" rel=\"noopener\">PARA VISUALIZAR O ANEXO, CLIQUE AQUI<\/a><\/strong><\/span><\/p>\n","protected":false},"excerpt":{"rendered":"<p>ESTADO DO ESP\u00cdRITO SANTO PODER JUDICI\u00c1RIO CORREGEDORIA GERAL DA JUSTI\u00c7A &nbsp; OF\u00cdCIO-CIRCULAR N.\u00ba 072\/2018 Protocolo: 201800318434 &nbsp; O Desembargador Corregedor-Geral da Justi\u00e7a do Estado do Esp\u00edrito Santo, no uso de suas atribui\u00e7\u00f5es legais: CONSIDERANDO que a Corregedoria Geral da Justi\u00e7a \u00e9 \u00f3rg\u00e3o de fiscaliza\u00e7\u00e3o, disciplina e orienta\u00e7\u00e3o administrativa, com circunscri\u00e7\u00e3o em todo o Estado, conforme [&hellip;]<\/p>\n","protected":false},"author":8,"featured_media":0,"comment_status":"open","ping_status":"open","sticky":false,"template":"","format":"standard","meta":{"footnotes":""},"categories":[5],"tags":[],"_links":{"self":[{"href":"https:\/\/www.tjes.jus.br\/corregedoria\/wp-json\/wp\/v2\/posts\/24312"}],"collection":[{"href":"https:\/\/www.tjes.jus.br\/corregedoria\/wp-json\/wp\/v2\/posts"}],"about":[{"href":"https:\/\/www.tjes.jus.br\/corregedoria\/wp-json\/wp\/v2\/types\/post"}],"author":[{"embeddable":true,"href":"https:\/\/www.tjes.jus.br\/corregedoria\/wp-json\/wp\/v2\/users\/8"}],"replies":[{"embeddable":true,"href":"https:\/\/www.tjes.jus.br\/corregedoria\/wp-json\/wp\/v2\/comments?post=24312"}],"version-history":[{"count":3,"href":"https:\/\/www.tjes.jus.br\/corregedoria\/wp-json\/wp\/v2\/posts\/24312\/revisions"}],"predecessor-version":[{"id":24315,"href":"https:\/\/www.tjes.jus.br\/corregedoria\/wp-json\/wp\/v2\/posts\/24312\/revisions\/24315"}],"wp:attachment":[{"href":"https:\/\/www.tjes.jus.br\/corregedoria\/wp-json\/wp\/v2\/media?parent=24312"}],"wp:term":[{"taxonomy":"category","embeddable":true,"href":"https:\/\/www.tjes.jus.br\/corregedoria\/wp-json\/wp\/v2\/categories?post=24312"},{"taxonomy":"post_tag","embeddable":true,"href":"https:\/\/www.tjes.jus.br\/corregedoria\/wp-json\/wp\/v2\/tags?post=24312"}],"curies":[{"name":"wp","href":"https:\/\/api.w.org\/{rel}","templated":true}]}}