{"id":24390,"date":"2018-06-29T14:46:48","date_gmt":"2018-06-29T17:46:48","guid":{"rendered":"https:\/\/www.tjes.jus.br\/corregedoria\/?p=24390"},"modified":"2018-06-29T14:47:33","modified_gmt":"2018-06-29T17:47:33","slug":"ato-normativo-no-119-2018-disp-29-06-2018","status":"publish","type":"post","link":"https:\/\/www.tjes.jus.br\/corregedoria\/2018\/06\/29\/ato-normativo-no-119-2018-disp-29-06-2018\/","title":{"rendered":"ATO NORMATIVO N\u00ba 119\/2018 &#8211; DISP. 29\/06\/2018"},"content":{"rendered":"<p align=\"center\"><span lang=\"pt-BR\">ESTADO DO ESP\u00cdRITO SANTO<\/span><\/p>\n<p align=\"center\"><span lang=\"pt-BR\">PODER JUDICI\u00c1RIO<\/span><\/p>\n<p align=\"center\"><span lang=\"pt-BR\">TRIBUNAL DE JUSTI\u00c7A<\/span><\/p>\n<p align=\"center\"><span lang=\"pt-BR\">GABINETE DA PRESID\u00caNCIA<\/span><\/p>\n<p align=\"center\"><span lang=\"pt-BR\">ATO NORMATIVO n\u00ba 119\/2018<\/span><\/p>\n<p style=\"text-align: justify;\" align=\"justify\"><span lang=\"pt-BR\">O Excelent\u00edssimo Senhor Desembargador S\u00c9RGIO LUIZ TEIXEIRA GAMA, Presidente do Egr\u00e9gio Tribunal de Justi\u00e7a do Estado do Esp\u00edrito Santo, no uso de suas atribui\u00e7\u00f5es legais e,<\/span><\/p>\n<p style=\"text-align: justify;\" align=\"justify\"><span lang=\"pt-BR\">CONSIDERANDO<\/span><span lang=\"pt-BR\">o disposto no art. 58, da Resolu\u00e7\u00e3o n\u00ba 15\/95 \u2013 Regimento Interno do Tribunal de Justi\u00e7a do Estado do Esp\u00edrito Santo \u2013 que atribui ao Presidente do Egr\u00e9gio Tribunal de Justi\u00e7a compet\u00eancia geral para exercer a superintend\u00eancia de todo servi\u00e7o judici\u00e1rio, na qualidade de Chefe do Poder Judici\u00e1rio Estadual;<\/span><\/p>\n<p style=\"text-align: justify;\" align=\"justify\"><span lang=\"pt-BR\">CONSIDERANDO a classifica\u00e7\u00e3o da Sele\u00e7\u00e3o Brasileira de Futebol para as \u201cOitavas de Final\u201d da Copa do Mundo de Futebol de 2018;<\/span><\/p>\n<p style=\"text-align: justify;\" align=\"justify\"><span lang=\"pt-BR\">CONSIDERANDO o ineg\u00e1vel envolvimento da popula\u00e7\u00e3o brasileira em tais ocasi\u00f5es, gerando mobiliza\u00e7\u00e3o para o acompanhamento das partidas;<\/span><\/p>\n<p style=\"text-align: justify;\" align=\"justify\"><span lang=\"pt-BR\">CONSIDERANDO que, em raz\u00e3o do hor\u00e1rio definido do jogo a ser realizado no dia 02 de julho do corrente \u2013 11h, o expediente n\u00e3o seria cumprido em sua integralidade, havendo necessidade de compensa\u00e7\u00e3o das horas respectivas;<\/span><\/p>\n<p style=\"text-align: justify;\" align=\"justify\"><span lang=\"pt-BR\">CONSIDERANDO, ainda, a possibilidade de avan\u00e7o da Sele\u00e7\u00e3o Brasileira de Futebol nas fases seguintes da referida competi\u00e7\u00e3o;<\/span><\/p>\n<p style=\"text-align: justify;\" align=\"justify\"><span lang=\"pt-BR\">RESOLVE:<\/span><\/p>\n<p style=\"text-align: justify;\" align=\"justify\"><span lang=\"pt-BR\">Art. 1\u00b0. Fica suspenso o expediente forense em todas as unidades administrativas e judici\u00e1rias do Poder Judici\u00e1rio do Estado do Esp\u00edrito Santo no dia <\/span><span lang=\"pt-BR\">02 de julho de 2018<\/span><span lang=\"pt-BR\">, restando, de conseguinte, suspensos os atos e prazos processuais na referida data.<\/span><\/p>\n<p style=\"text-align: justify;\" align=\"justify\"><span lang=\"pt-BR\">Art. 2\u00b0. A aprecia\u00e7\u00e3o das medidas urgentes nesse dia ser\u00e1 realizada em regime de plant\u00e3o, de forma presencial, quanto ao primeiro grau de jurisdi\u00e7\u00e3o, com in\u00edcio, excepcionalmente, \u00e0s 14h e t\u00e9rmino \u00e0s 18h.<\/span><\/p>\n<p style=\"text-align: justify;\" align=\"justify\"><span lang=\"pt-BR\">\u00a71\u00b0. Ap\u00f3s \u00e0s 18h, o plant\u00e3o dar-se-\u00e1 na forma de sobreaviso, no per\u00edodo de 18h de segunda-feira (02 de julho de 2018) \u00e0s 08h de ter\u00e7a-feira (03 de julho de 2018).<\/span><\/p>\n<p style=\"text-align: justify;\" align=\"justify\"><span lang=\"pt-BR\">\u00a72\u00b0. O plant\u00e3o presencial a que se refere o <\/span><span lang=\"pt-BR\"><i>caput<\/i><\/span><span lang=\"pt-BR\"> deste artigo, relativo a cada Regi\u00e3o, dever\u00e1 ser realizado pelo mesmo magistrado e pelos mesmos servidores escalados para o plant\u00e3o de sobreaviso que ocorrer\u00e1 das 18h de segunda-feira (02 de julho de 2018) \u00e0s 08h de ter\u00e7a-feira (03 de julho de 2018).<\/span><\/p>\n<p style=\"text-align: justify;\" align=\"justify\"><span lang=\"pt-BR\">Art. 3\u00b0. O expediente relativo ao dia 02 de julho de 2018 dever\u00e1 ser compensado com uma hora a mais de servi\u00e7o nos dias 03, 04, 05, 09, 11 e 12 de julho), <\/span><span lang=\"zxx\">independente <\/span><span lang=\"pt-BR\">da Sele\u00e7\u00e3o Brasileira de Futebol avan\u00e7ar para as etapas seguintes da competi\u00e7\u00e3o, <\/span><span lang=\"zxx\">cabendo \u00e0s chefias imediatas observar o rigoroso cumprimento da carga hor\u00e1ria.<\/span><\/p>\n<p style=\"text-align: justify;\" align=\"justify\"><span lang=\"pt-BR\">Art. 4\u00b0. Na hip\u00f3tese de classifica\u00e7\u00e3o da Sele\u00e7\u00e3o Brasileira de Futebol para as etapas seguintes da competi\u00e7\u00e3o (\u201cQuartas de Final\u201d e \u201cSemifinal\u201d), o expediente das unidades administrativas e judici\u00e1rias do Poder Judici\u00e1rio do Estado do Esp\u00edrito Santo dar-se-\u00e1 na forma abaixo, restando, desde j\u00e1, suspensos os prazos processuais em tais datas:<\/span><\/p>\n<p style=\"text-align: justify;\" align=\"justify\"><span lang=\"zxx\">&#8211; Dia 06 de julho de 2018 (sexta-feira): das 08 \u00e0s 13h;<\/span><\/p>\n<p style=\"text-align: justify;\" align=\"justify\"><span lang=\"zxx\">&#8211; Dia 10 de julho de 2018 (ter\u00e7a-feira): das 08 \u00e0s 13h.<\/span><\/p>\n<p style=\"text-align: justify;\" align=\"justify\"><span lang=\"pt-BR\">Art. 5\u00b0. O presente Ato Normativo entra em vigor na data de sua publica\u00e7\u00e3o.<\/span><\/p>\n<p style=\"text-align: justify;\" align=\"justify\"><span lang=\"pt-BR\">Publique-se.<\/span><\/p>\n<p style=\"text-align: justify;\" align=\"justify\"><span lang=\"pt-BR\">Vit\u00f3ria\/ES, 28 de junho de 2018.<\/span><\/p>\n<p align=\"center\"><span lang=\"pt-BR\">Des. S\u00c9RGIO LUIZ TEIXEIRA GAMA<\/span><\/p>\n<p align=\"center\"><span lang=\"zxx\">Presidente<\/span><\/p>\n","protected":false},"excerpt":{"rendered":"<p>ESTADO DO ESP\u00cdRITO SANTO PODER JUDICI\u00c1RIO TRIBUNAL DE JUSTI\u00c7A GABINETE DA PRESID\u00caNCIA ATO NORMATIVO n\u00ba 119\/2018 O Excelent\u00edssimo Senhor Desembargador S\u00c9RGIO LUIZ TEIXEIRA GAMA, Presidente do Egr\u00e9gio Tribunal de Justi\u00e7a do Estado do Esp\u00edrito Santo, no uso de suas atribui\u00e7\u00f5es legais e, CONSIDERANDOo disposto no art. 58, da Resolu\u00e7\u00e3o n\u00ba 15\/95 \u2013 Regimento Interno do [&hellip;]<\/p>\n","protected":false},"author":9,"featured_media":0,"comment_status":"open","ping_status":"open","sticky":false,"template":"","format":"standard","meta":{"footnotes":""},"categories":[4],"tags":[],"_links":{"self":[{"href":"https:\/\/www.tjes.jus.br\/corregedoria\/wp-json\/wp\/v2\/posts\/24390"}],"collection":[{"href":"https:\/\/www.tjes.jus.br\/corregedoria\/wp-json\/wp\/v2\/posts"}],"about":[{"href":"https:\/\/www.tjes.jus.br\/corregedoria\/wp-json\/wp\/v2\/types\/post"}],"author":[{"embeddable":true,"href":"https:\/\/www.tjes.jus.br\/corregedoria\/wp-json\/wp\/v2\/users\/9"}],"replies":[{"embeddable":true,"href":"https:\/\/www.tjes.jus.br\/corregedoria\/wp-json\/wp\/v2\/comments?post=24390"}],"version-history":[{"count":1,"href":"https:\/\/www.tjes.jus.br\/corregedoria\/wp-json\/wp\/v2\/posts\/24390\/revisions"}],"predecessor-version":[{"id":24391,"href":"https:\/\/www.tjes.jus.br\/corregedoria\/wp-json\/wp\/v2\/posts\/24390\/revisions\/24391"}],"wp:attachment":[{"href":"https:\/\/www.tjes.jus.br\/corregedoria\/wp-json\/wp\/v2\/media?parent=24390"}],"wp:term":[{"taxonomy":"category","embeddable":true,"href":"https:\/\/www.tjes.jus.br\/corregedoria\/wp-json\/wp\/v2\/categories?post=24390"},{"taxonomy":"post_tag","embeddable":true,"href":"https:\/\/www.tjes.jus.br\/corregedoria\/wp-json\/wp\/v2\/tags?post=24390"}],"curies":[{"name":"wp","href":"https:\/\/api.w.org\/{rel}","templated":true}]}}