{"id":24462,"date":"2018-07-04T17:31:24","date_gmt":"2018-07-04T20:31:24","guid":{"rendered":"https:\/\/www.tjes.jus.br\/corregedoria\/?p=24462"},"modified":"2018-07-04T17:33:55","modified_gmt":"2018-07-04T20:33:55","slug":"corregedoria-inicia-2a-etapa-de-implantacao-do-sei","status":"publish","type":"post","link":"https:\/\/www.tjes.jus.br\/corregedoria\/2018\/07\/04\/corregedoria-inicia-2a-etapa-de-implantacao-do-sei\/","title":{"rendered":"Corregedoria inicia segunda etapa de implanta\u00e7\u00e3o do SEI!"},"content":{"rendered":"<p style=\"text-align: justify\"><span style=\"font-weight: 400\">A Corregedoria-Geral de Justi\u00e7a do Esp\u00edrito Santo iniciou no \u00faltimo dia 1\u00ba de julho a implanta\u00e7\u00e3o da segunda etapa de utiliza\u00e7\u00e3o do Sistema Eletr\u00f4nico de Informa\u00e7\u00f5es &#8211; Sei! -. Nesta nova fase passaram a tramitar, exclusivamente, no sistema eletr\u00f4nico todos os procedimentos relativos \u00e0s correi\u00e7\u00f5es, em suas diversas modalidades, procedimentos de controle de inspe\u00e7\u00f5es judiciais, processos de habilita\u00e7\u00e3o (CEJA), entre outros. <\/span><\/p>\n<p style=\"text-align: justify\">\n<p style=\"text-align: justify\"><span style=\"font-weight: 400\">A implanta\u00e7\u00e3o do Sei! na Corregedoria teve in\u00edcio em 13 de abril de 2018, quando passaram a ter tramita\u00e7\u00e3o por meio daquele sistema os procedimentos de menor complexidade, servindo como uma etapa de adapta\u00e7\u00e3o ao novo modelo.<\/span><\/p>\n<p style=\"text-align: justify\">\n<p style=\"text-align: justify\"><span style=\"font-weight: 400\">A respeito da import\u00e2ncia da implanta\u00e7\u00e3o do sistema no \u00e2mbito da Corregedoria, o Desembargador Samuel Meira Brasil J\u00fanior, Corregedor-Geral de Justi\u00e7a, destacou a necessidade de padroniza\u00e7\u00e3o e unifica\u00e7\u00e3o dos sistemas eletr\u00f4nicos hoje em utiliza\u00e7\u00e3o neste \u00f3rg\u00e3o, al\u00e9m da celeridade, seguran\u00e7a e qualidade na presta\u00e7\u00e3o do servi\u00e7o pela Corregedoria.<\/span><\/p>\n<p style=\"text-align: justify\">\n<p style=\"text-align: justify\"><span style=\"font-weight: 400\">Com a 2\u00aa etapa implantada na Corregedoria, aproximadamente, 90% dos procedimentos de compet\u00eancia deste \u00f3rg\u00e3o ter\u00e3o tramita\u00e7\u00e3o exclusivamente eletr\u00f4nica. Para o juiz corregedor Adriano Corr\u00eaa de Mello, a implanta\u00e7\u00e3o integral do sistema para todos os procedimentos em tramita\u00e7\u00e3o no \u00f3rg\u00e3o aguarda agora o avan\u00e7o da utiliza\u00e7\u00e3o do Sei! no pr\u00f3prio Tribunal de Justi\u00e7a, haja vista a intera\u00e7\u00e3o entre diversos \u00f3rg\u00e3os para alguns procedimentos, como, por exemplo, o Conselho da Magistratura, para onde s\u00e3o direcionados alguns recursos e procedimentos de compet\u00eancia inicial da Corregedoria.<\/span><\/p>\n<p style=\"text-align: justify\">\n<p style=\"text-align: justify\"><span style=\"font-weight: 400\">Os procedimentos f\u00edsicos j\u00e1 iniciados at\u00e9 aquela data dever\u00e3o permanecer com sua tramita\u00e7\u00e3o regular at\u00e9 que sejam migrados para o Sistema Eletr\u00f4nico de Informa\u00e7\u00f5es, esta nova etapa est\u00e1 prevista para o m\u00eas de dezembro de 2018. Usu\u00e1rios externos, devidamente cadastrados, poder\u00e3o ter acesso ao sistema por este <\/span><a href=\"https:\/\/sistemas.tjes.jus.br\/sei\/controlador_externo.php?acao=usuario_externo_logar&amp;id_orgao_acesso_externo=0\"><span style=\"font-weight: 400\">link<\/span><\/a><span style=\"font-weight: 400\"> .<\/span><\/p>\n<p style=\"text-align: justify\">\n<p style=\"text-align: justify\"><span style=\"font-weight: 400\">Fonte: CGJES<\/span><\/p>\n","protected":false},"excerpt":{"rendered":"<p>A Corregedoria-Geral de Justi\u00e7a do Esp\u00edrito Santo iniciou no \u00faltimo dia 1\u00ba de julho a implanta\u00e7\u00e3o da segunda etapa de utiliza\u00e7\u00e3o do Sistema Eletr\u00f4nico de Informa\u00e7\u00f5es &#8211; Sei! -. Nesta nova fase passaram a tramitar, exclusivamente, no sistema eletr\u00f4nico todos os procedimentos relativos \u00e0s correi\u00e7\u00f5es, em suas diversas modalidades, procedimentos de controle de inspe\u00e7\u00f5es judiciais, [&hellip;]<\/p>\n","protected":false},"author":1,"featured_media":24467,"comment_status":"open","ping_status":"open","sticky":false,"template":"","format":"standard","meta":{"footnotes":""},"categories":[1],"tags":[],"_links":{"self":[{"href":"https:\/\/www.tjes.jus.br\/corregedoria\/wp-json\/wp\/v2\/posts\/24462"}],"collection":[{"href":"https:\/\/www.tjes.jus.br\/corregedoria\/wp-json\/wp\/v2\/posts"}],"about":[{"href":"https:\/\/www.tjes.jus.br\/corregedoria\/wp-json\/wp\/v2\/types\/post"}],"author":[{"embeddable":true,"href":"https:\/\/www.tjes.jus.br\/corregedoria\/wp-json\/wp\/v2\/users\/1"}],"replies":[{"embeddable":true,"href":"https:\/\/www.tjes.jus.br\/corregedoria\/wp-json\/wp\/v2\/comments?post=24462"}],"version-history":[{"count":4,"href":"https:\/\/www.tjes.jus.br\/corregedoria\/wp-json\/wp\/v2\/posts\/24462\/revisions"}],"predecessor-version":[{"id":24470,"href":"https:\/\/www.tjes.jus.br\/corregedoria\/wp-json\/wp\/v2\/posts\/24462\/revisions\/24470"}],"wp:featuredmedia":[{"embeddable":true,"href":"https:\/\/www.tjes.jus.br\/corregedoria\/wp-json\/wp\/v2\/media\/24467"}],"wp:attachment":[{"href":"https:\/\/www.tjes.jus.br\/corregedoria\/wp-json\/wp\/v2\/media?parent=24462"}],"wp:term":[{"taxonomy":"category","embeddable":true,"href":"https:\/\/www.tjes.jus.br\/corregedoria\/wp-json\/wp\/v2\/categories?post=24462"},{"taxonomy":"post_tag","embeddable":true,"href":"https:\/\/www.tjes.jus.br\/corregedoria\/wp-json\/wp\/v2\/tags?post=24462"}],"curies":[{"name":"wp","href":"https:\/\/api.w.org\/{rel}","templated":true}]}}