{"id":24471,"date":"2018-07-05T12:38:27","date_gmt":"2018-07-05T15:38:27","guid":{"rendered":"https:\/\/www.tjes.jus.br\/corregedoria\/?p=24471"},"modified":"2018-07-05T12:47:08","modified_gmt":"2018-07-05T15:47:08","slug":"resolucao-no-028-2018-disp-05-07-2018","status":"publish","type":"post","link":"https:\/\/www.tjes.jus.br\/corregedoria\/2018\/07\/05\/resolucao-no-028-2018-disp-05-07-2018\/","title":{"rendered":"RESOLU\u00c7\u00c3O N\u00ba 027\/2018 \u2013 DISP. 05\/07\/2018 &#8211; REPUBLICA\u00c7\u00c3O"},"content":{"rendered":"<p align=\"center\">ESTADO DO ESP\u00cdRITO SANTO<\/p>\n<p align=\"center\"><span lang=\"pt-BR\">PODER JUDICI\u00c1RIO<\/span><\/p>\n<p align=\"center\"><span lang=\"en-US\"><strong>TRIBUNAL DE JUSTI\u00c7A<\/strong><\/span><\/p>\n<p align=\"center\"><strong><span lang=\"pt-BR\">RESOLU\u00c7\u00c3O N\u00ba 027 \/ 2018<\/span><\/strong><\/p>\n<dl>\n<dt><\/dt>\n<dt><\/dt>\n<dt><\/dt>\n<\/dl>\n<p align=\"justify\"><span lang=\"pt-BR\">O Excelent\u00edssimo Senhor Desembargador S\u00c9RGIO LUIZ TEIXEIRA GAMA, Presidente do Egr\u00e9gio Tribunal de Justi\u00e7a do Estado do Esp\u00edrito Santo, no uso de suas atribui\u00e7\u00f5es legais e regimentais, e tendo em vista DECIS\u00c3O do Egr\u00e9gio Tribunal Pleno, em sess\u00e3o realizada nesta data,<\/span><\/p>\n<p align=\"justify\"><span lang=\"pt-BR\"><strong>CONSIDERANDO <\/strong><\/span><span lang=\"pt-BR\">o que disp\u00f5e o \u00a7 1\u00ba do artigo 3\u00ba da <a href=\"https:\/\/www.tjes.jus.br\/corregedoria\/2017\/01\/26\/resolucao-no-012007-publ-em-06022007\/\">Resolu\u00e7\u00e3o TJES n\u00ba 001\/2007<\/a>, que regulamenta a concess\u00e3o do aux\u00edlio sa\u00fade aos magistrados deste Poder Judici\u00e1rio, e ainda o requerimento apresentado pela Associa\u00e7\u00e3o dos Magistrados do Esp\u00edrito Santo \u2013 AMAGES sob protocolo n\u00ba 2017.00.277.463;<\/span><\/p>\n<p align=\"justify\"><span lang=\"pt-BR\"><strong>CONSIDERANDO <\/strong><\/span><span lang=\"pt-BR\">o que estabelece o \u00a7 1\u00ba do artigo 3\u00ba da <a href=\"https:\/\/www.tjes.jus.br\/corregedoria\/2017\/02\/16\/resolucao-no-362011-publ-em-18072011\/\">Resolu\u00e7\u00e3o TJES n\u00ba 036\/11<\/a>, que trata da assist\u00eancia \u00e0 sa\u00fade aos servidores deste Poder Judici\u00e1rio, e tendo em vista o requerimento apresentado pelo Sindicato dos Servidores do Poder Judici\u00e1rio no Estado do Esp\u00edrito Santo \u2013 SINDIJUDICI\u00c1RIO\/ES sob protocolo n\u00ba 2018.00.107.762;<\/span><\/p>\n<p align=\"justify\"><span lang=\"pt-BR\"><strong>CONSIDERANDO<\/strong><\/span><span lang=\"pt-BR\"> ainda a disponibilidade or\u00e7ament\u00e1ria e financeira da unidade \u201cTribunal de Justi\u00e7a\u201d para o exerc\u00edcio de 2018, autorizada pela Lei n\u00ba 10.784\/17 (Lei Or\u00e7ament\u00e1ria Anual),<\/span><\/p>\n<p align=\"justify\"><span lang=\"pt-BR\"><strong>RESOLVE:<\/strong><\/span><\/p>\n<p align=\"justify\"><span lang=\"pt-BR\"><strong>Art. 1\u00ba &#8211;<\/strong><\/span><span lang=\"pt-BR\"> Reajustar em 7% (sete por cento) o valor do aux\u00edlio-sa\u00fade concedido aos Magistrados do Poder Judici\u00e1rio do Estado do Esp\u00edrito Santo passando o benef\u00edcio a estar limitado ao valor de R$ 13.519,95 (treze mil, quinhentos e dezenove reais e noventa e cinco centavos) anuais.<\/span><\/p>\n<p align=\"justify\"><span lang=\"pt-BR\">Par\u00e1grafo \u00fanico \u2013 O valor do aux\u00edlio sa\u00fade concedido aos magistrados no exerc\u00edcio de 2018, estar\u00e1 limitado, ao valor de R$ 13.151,42 (treze mil, cento e cinquenta e um reais e quarenta e dois centavos) anuais, considerando o disposto no art. 3\u00ba desta Resolu\u00e7\u00e3o.<\/span><\/p>\n<p align=\"justify\"><span lang=\"pt-BR\"><strong>Art. 2\u00ba &#8211;<\/strong><\/span><span lang=\"pt-BR\"> Reajustar em 7% (sete por cento) o valor do aux\u00edlio-sa\u00fade concedido aos Servidores do Poder Judici\u00e1rio do Estado do Esp\u00edrito Santo, na forma do Anexo I da presente Resolu\u00e7\u00e3o.<\/span><\/p>\n<p align=\"justify\"><span lang=\"pt-BR\"><strong>Art. 3\u00ba &#8211;<\/strong><\/span><span lang=\"pt-BR\"> Esta Resolu\u00e7\u00e3o entra em vigor na data de sua publica\u00e7\u00e3o, com efeitos financeiros a partir de 01 de junho de 2018.<\/span><\/p>\n<p align=\"justify\"><span lang=\"pt-BR\">Publique-se.<\/span><\/p>\n<p align=\"justify\"><span lang=\"pt-BR\">Vit\u00f3ria, 29 de junho\u00a0<\/span><span lang=\"pt-BR\">de 2018.<\/span><\/p>\n<p align=\"center\"><span lang=\"pt-BR\"><strong>Des. S\u00c9RGIO LUIZ TEIXEIRA GAMA<\/strong><\/span><\/p>\n<p align=\"center\"><span lang=\"pt-BR\"><strong>Presidente<\/strong><\/span><\/p>\n<p style=\"text-align: center;\"><strong>ANEXO I<\/strong><\/p>\n<p style=\"text-align: center;\"><strong>TABELA DE VALORES LIMITES PARA CONCESS\u00c3O DO AUX\u00cdLIO SA\u00daDE AOS SERVIDORES<\/strong><\/p>\n<div class=\"override-text\" align=\"center\">\n<table style=\"height: 381px; width: 60.9564%; border-color: #000000;\" border=\"1\">\n<tbody>\n<tr>\n<td style=\"width: 46.3566%;\" nowrap=\"nowrap\" width=\"212\">\n<p align=\"center\"><strong>FAIXA ET\u00c1RIA<\/strong><\/p>\n<\/td>\n<td style=\"width: 53.4884%;\" nowrap=\"nowrap\" width=\"245\">\n<p align=\"center\"><strong>VALOR DO AUX\u00cdLIO<\/strong><\/p>\n<\/td>\n<\/tr>\n<tr>\n<td style=\"width: 46.3566%;\" nowrap=\"nowrap\" width=\"212\">\n<p align=\"center\"><strong>0 a 18<\/strong><\/p>\n<\/td>\n<td style=\"width: 53.4884%;\" nowrap=\"nowrap\" width=\"245\">\n<p align=\"center\"><strong>190,15<\/strong><\/p>\n<\/td>\n<\/tr>\n<tr>\n<td style=\"width: 46.3566%;\" nowrap=\"nowrap\" width=\"212\">\n<p align=\"center\"><strong>19 a 23<\/strong><\/p>\n<\/td>\n<td style=\"width: 53.4884%;\" nowrap=\"nowrap\" width=\"245\">\n<p align=\"center\"><strong>259,41<\/strong><\/p>\n<\/td>\n<\/tr>\n<tr>\n<td style=\"width: 46.3566%;\" nowrap=\"nowrap\" width=\"212\">\n<p align=\"center\"><strong>24 a 28<\/strong><\/p>\n<\/td>\n<td style=\"width: 53.4884%;\" nowrap=\"nowrap\" width=\"245\">\n<p align=\"center\"><strong>305,19<\/strong><\/p>\n<\/td>\n<\/tr>\n<tr>\n<td style=\"width: 46.3566%;\" nowrap=\"nowrap\" width=\"212\">\n<p align=\"center\"><strong>29 a 33<\/strong><\/p>\n<\/td>\n<td style=\"width: 53.4884%;\" nowrap=\"nowrap\" width=\"245\">\n<p align=\"center\"><strong>326,31<\/strong><\/p>\n<\/td>\n<\/tr>\n<tr>\n<td style=\"width: 46.3566%;\" nowrap=\"nowrap\" width=\"212\">\n<p align=\"center\"><strong>34 a 38<\/strong><\/p>\n<\/td>\n<td style=\"width: 53.4884%;\" nowrap=\"nowrap\" width=\"245\">\n<p align=\"center\"><strong>342,75<\/strong><\/p>\n<\/td>\n<\/tr>\n<tr>\n<td style=\"width: 46.3566%;\" nowrap=\"nowrap\" width=\"212\">\n<p align=\"center\"><strong>39 a 43<\/strong><\/p>\n<\/td>\n<td style=\"width: 53.4884%;\" nowrap=\"nowrap\" width=\"245\">\n<p align=\"center\"><strong>365,05<\/strong><\/p>\n<\/td>\n<\/tr>\n<tr>\n<td style=\"width: 46.3566%;\" nowrap=\"nowrap\" width=\"212\">\n<p align=\"center\"><strong>44 a 48<\/strong><\/p>\n<\/td>\n<td style=\"width: 53.4884%;\" nowrap=\"nowrap\" width=\"245\">\n<p align=\"center\"><strong>475,38<\/strong><\/p>\n<\/td>\n<\/tr>\n<tr>\n<td style=\"width: 46.3566%;\" nowrap=\"nowrap\" width=\"212\">\n<p align=\"center\"><strong>49 a 53<\/strong><\/p>\n<\/td>\n<td style=\"width: 53.4884%;\" nowrap=\"nowrap\" width=\"245\">\n<p align=\"center\"><strong>618,59<\/strong><\/p>\n<\/td>\n<\/tr>\n<tr>\n<td style=\"width: 46.3566%;\" nowrap=\"nowrap\" width=\"212\">\n<p align=\"center\"><strong>54 a 58<\/strong><\/p>\n<\/td>\n<td style=\"width: 53.4884%;\" nowrap=\"nowrap\" width=\"245\">\n<p align=\"center\"><strong>828,70<\/strong><\/p>\n<\/td>\n<\/tr>\n<tr>\n<td style=\"width: 46.3566%;\" nowrap=\"nowrap\" width=\"212\">\n<p align=\"center\"><strong>a partir de 59<\/strong><\/p>\n<\/td>\n<td style=\"width: 53.4884%;\" nowrap=\"nowrap\" width=\"245\">\n<p align=\"center\"><strong>1.136,23<\/strong><\/p>\n<\/td>\n<\/tr>\n<\/tbody>\n<\/table>\n<\/div>\n<p align=\"center\"><strong>\u00a0<\/strong><\/p>\n<p align=\"center\"><strong>(REPUBLICADA PARA FINS DE\u00a0 CONSTAR O ANEXO I)<\/strong><\/p>\n","protected":false},"excerpt":{"rendered":"<p>ESTADO DO ESP\u00cdRITO SANTO PODER JUDICI\u00c1RIO TRIBUNAL DE JUSTI\u00c7A RESOLU\u00c7\u00c3O N\u00ba 027 \/ 2018 O Excelent\u00edssimo Senhor Desembargador S\u00c9RGIO LUIZ TEIXEIRA GAMA, Presidente do Egr\u00e9gio Tribunal de Justi\u00e7a do Estado do Esp\u00edrito Santo, no uso de suas atribui\u00e7\u00f5es legais e regimentais, e tendo em vista DECIS\u00c3O do Egr\u00e9gio Tribunal Pleno, em sess\u00e3o realizada nesta data, [&hellip;]<\/p>\n","protected":false},"author":8,"featured_media":0,"comment_status":"open","ping_status":"open","sticky":false,"template":"","format":"standard","meta":{"footnotes":""},"categories":[13],"tags":[],"_links":{"self":[{"href":"https:\/\/www.tjes.jus.br\/corregedoria\/wp-json\/wp\/v2\/posts\/24471"}],"collection":[{"href":"https:\/\/www.tjes.jus.br\/corregedoria\/wp-json\/wp\/v2\/posts"}],"about":[{"href":"https:\/\/www.tjes.jus.br\/corregedoria\/wp-json\/wp\/v2\/types\/post"}],"author":[{"embeddable":true,"href":"https:\/\/www.tjes.jus.br\/corregedoria\/wp-json\/wp\/v2\/users\/8"}],"replies":[{"embeddable":true,"href":"https:\/\/www.tjes.jus.br\/corregedoria\/wp-json\/wp\/v2\/comments?post=24471"}],"version-history":[{"count":7,"href":"https:\/\/www.tjes.jus.br\/corregedoria\/wp-json\/wp\/v2\/posts\/24471\/revisions"}],"predecessor-version":[{"id":24477,"href":"https:\/\/www.tjes.jus.br\/corregedoria\/wp-json\/wp\/v2\/posts\/24471\/revisions\/24477"}],"wp:attachment":[{"href":"https:\/\/www.tjes.jus.br\/corregedoria\/wp-json\/wp\/v2\/media?parent=24471"}],"wp:term":[{"taxonomy":"category","embeddable":true,"href":"https:\/\/www.tjes.jus.br\/corregedoria\/wp-json\/wp\/v2\/categories?post=24471"},{"taxonomy":"post_tag","embeddable":true,"href":"https:\/\/www.tjes.jus.br\/corregedoria\/wp-json\/wp\/v2\/tags?post=24471"}],"curies":[{"name":"wp","href":"https:\/\/api.w.org\/{rel}","templated":true}]}}