{"id":24483,"date":"2018-07-05T13:06:05","date_gmt":"2018-07-05T16:06:05","guid":{"rendered":"https:\/\/www.tjes.jus.br\/corregedoria\/?p=24483"},"modified":"2018-07-05T13:06:05","modified_gmt":"2018-07-05T16:06:05","slug":"ato-normativo-no-120-2018-disp-05-07-2018","status":"publish","type":"post","link":"https:\/\/www.tjes.jus.br\/corregedoria\/2018\/07\/05\/ato-normativo-no-120-2018-disp-05-07-2018\/","title":{"rendered":"ATO NORMATIVO N\u00ba 120\/2018 &#8211; DISP. 05\/07\/2018"},"content":{"rendered":"<p align=\"center\">ESTADO DO ESP\u00cdRITO SANTO<\/p>\n<p align=\"center\">PODER JUDICI\u00c1RIO<\/p>\n<p align=\"center\">TRIBUNAL DE JUSTI\u00c7A<\/p>\n<p align=\"center\">PRESID\u00caNCIA<\/p>\n<p align=\"center\"><span lang=\"pt-BR\">ATO NORMATIVO N\u00ba 120\/2018<\/span><\/p>\n<p style=\"text-align: justify;\" align=\"justify\"><span lang=\"pt-BR\">Disp\u00f5e sobre a Licen\u00e7a para Atividade Pol\u00edtica dos servidores do Poder Judici\u00e1rio do Estado do Esp\u00edrito Santo candidatos a mandato eletivo no pleito a ser realizado no dia 07 de outubro de 2018.<\/span><\/p>\n<p style=\"text-align: justify;\" align=\"justify\"><span lang=\"pt-BR\">O Excelent\u00edssimo Senhor Desembargador S\u00c9RGIO LUIZ TEIXEIRA GAMA, Presidente do Egr\u00e9gio Tribunal de Justi\u00e7a do Estado do Esp\u00edrito Santo, no uso de suas atribui\u00e7\u00f5es legais, e<\/span><\/p>\n<p style=\"text-align: justify;\" align=\"justify\"><span lang=\"pt-BR\">CONSIDERANDO as disposi\u00e7\u00f5es constantes da Lei Complementar Federal n\u00ba 64, de 18 de maio de 1990, bem como as disposi\u00e7\u00f5es de Resolu\u00e7\u00f5es do Egr\u00e9gio Tribunal Superior Eleitoral, que tratam das elei\u00e7\u00f5es;<\/span><\/p>\n<p style=\"text-align: justify;\" align=\"justify\"><span lang=\"pt-BR\">CONSIDERANDO a necessidade de disciplinar o procedimento para afastamento dos servidores estaduais candidatos a mandato eletivo no pleito a ser realizado no dia 07 de outubro de 2018, em conson\u00e2ncia com o que prev\u00ea a Lei Complementar Estadual n\u00ba 46, de 31 de janeiro de 1994.<\/span><\/p>\n<p style=\"text-align: justify;\" align=\"justify\"><span lang=\"pt-BR\">R E S O L V E :<\/span><\/p>\n<p style=\"text-align: justify;\" align=\"justify\"><span lang=\"pt-BR\">Art. 1\u00ba \u2013 Ao servidor ocupante de cargo efetivo do Poder Judici\u00e1rio do Estado do Esp\u00edrito Santo, candidato a cargo eletivo nas elei\u00e7\u00f5es de 07 de outubro de 2018, a que for deferida a Licen\u00e7a para Atividade Pol\u00edtica, na forma do artigo 145, da Lei Complementar Estadual n\u00ba 46\/94, fica assegurado o direito \u00e0 percep\u00e7\u00e3o de seus vencimentos, nos termos da Lei Complementar Federal n\u00ba 64, de 18 de maio de 1990, suspendendo-se, contudo, o recebimento do aux\u00edlio-alimenta\u00e7\u00e3o, gratifica\u00e7\u00e3o de risco de vida e gratifica\u00e7\u00e3o de agente de seguran\u00e7a.<\/span><\/p>\n<p style=\"text-align: justify;\" align=\"justify\"><span lang=\"pt-BR\">Art. 2\u00ba \u2013 <\/span><span lang=\"pt-BR\"><strong>O afastamento dever\u00e1 ter in\u00edcio no dia 07 de julho de 2018<\/strong><\/span><span lang=\"pt-BR\"><strong>inclusive,<\/strong><\/span><span lang=\"pt-BR\"> em obedi\u00eancia ao prazo de 03 (tr\u00eas) meses para os fins de desincompatibiliza\u00e7\u00e3o eleitoral.<\/span><\/p>\n<p style=\"text-align: justify;\" align=\"justify\"><span lang=\"pt-BR\">\u00a7 1\u00ba \u2013 O requerimento dever\u00e1 ser protocolado impreterivelmente at\u00e9 o dia 07 de julho de 2018, na Se\u00e7\u00e3o de Protocolo da Coordenadoria de Protocolo, Registro, Preparo e Distribui\u00e7\u00e3o, deste Egr\u00e9gio Tribunal de Justi\u00e7a.<\/span><\/p>\n<p style=\"text-align: justify;\" align=\"justify\"><span lang=\"pt-BR\">\u00a7 2\u00ba \u2013 Caso o requerimento de licen\u00e7a seja protocolado ap\u00f3s o prazo previsto no par\u00e1grafo anterior, ser\u00e3o considerados como faltas injustificadas os dias indevidamente n\u00e3o trabalhados, compreendidos estes entre a data limite do afastamento e a data do requerimento, devendo ser devolvidos eventuais valores recebidos, conforme o procedimento legal estabelecido.<\/span><\/p>\n<p style=\"text-align: justify;\" align=\"justify\"><span lang=\"pt-BR\">\u00a7 3\u00ba \u2013 Dever\u00e3o ser juntados:<\/span><\/p>\n<p style=\"text-align: justify;\" align=\"justify\"><span lang=\"pt-BR\"><strong>I \u2013 At\u00e9 o dia 16 de agosto, c\u00f3pia da ata da conven\u00e7\u00e3o partid\u00e1ria que indicou os candidatos ao pleito;<\/strong><\/span><\/p>\n<p style=\"text-align: justify;\" align=\"justify\"><span lang=\"pt-BR\"><strong>II \u2013 Certid\u00e3o expedida pela Justi\u00e7a Eleitoral que ateste a homologa\u00e7\u00e3o do registro da candidatura, no prazo de 02(dois) dias ap\u00f3s o tr\u00e2nsito em julgado da decis\u00e3o que deferiu o pedido de registro.<\/strong><\/span><\/p>\n<p style=\"text-align: justify;\" align=\"justify\"><span lang=\"pt-BR\">Art. 3\u00ba \u2013 O servidor efetivo ocupante de cargo em comiss\u00e3o dever\u00e1 requerer exonera\u00e7\u00e3o deste e, ainda, licenciar-se do seu v\u00ednculo efetivo conforme estabelecido nos artigos 1\u00ba e 2\u00ba, deste Ato Normativo.<\/span><\/p>\n<p style=\"text-align: justify;\" align=\"justify\"><span lang=\"pt-BR\">Par\u00e1grafo \u00fanico \u2013 O pedido de exonera\u00e7\u00e3o dos servidores ocupantes de cargo exclusivamente em comiss\u00e3o, candidatos a cargos eletivos, dever\u00e1 ser formalizado at\u00e9 o dia 07 de julho de 2018, sob pena de incompatibilidade eleitoral.<\/span><\/p>\n<p style=\"text-align: justify;\" align=\"justify\"><span lang=\"pt-BR\">Art. 4\u00ba \u2013 O afastamento fica condicionado \u00e0 apresenta\u00e7\u00e3o dos documentos indicados nos incisos I e II, do \u00a7 3\u00ba, do artigo 2\u00ba, do presente Ato Normativo.<\/span><\/p>\n<p style=\"text-align: justify;\" align=\"justify\"><span lang=\"pt-BR\">Art. 5\u00ba \u2013 O servidor dever\u00e1 reassumir, em qualquer das seguintes hip\u00f3teses, o exerc\u00edcio do cargo no primeiro dia \u00fatil subsequente:<\/span><\/p>\n<p style=\"text-align: justify;\" align=\"justify\"><span lang=\"pt-BR\">I \u2013 ao da realiza\u00e7\u00e3o da conven\u00e7\u00e3o partid\u00e1ria, caso seu nome n\u00e3o seja referendado como candidato;<\/span><\/p>\n<p style=\"text-align: justify;\" align=\"justify\"><span lang=\"pt-BR\">II \u2013 ao da publica\u00e7\u00e3o da decis\u00e3o transitada em julgado, caso o registro de sua candidatura seja indeferido ou cancelado;<\/span><\/p>\n<p style=\"text-align: justify;\" align=\"justify\"><span lang=\"pt-BR\">III \u2013 ao da data do protocolo do pedido, em caso de desist\u00eancia da candidatura;<\/span><\/p>\n<p style=\"text-align: justify;\" align=\"justify\"><span lang=\"pt-BR\">IV \u2013 ao da ocorr\u00eancia de qualquer outro fato que torne injustificada a continuidade do afastamento;<\/span><\/p>\n<p style=\"text-align: justify;\" align=\"justify\"><span lang=\"pt-BR\">V \u2013 \u00e0 data de realiza\u00e7\u00e3o do primeiro turno;<\/span><\/p>\n<p style=\"text-align: justify;\" align=\"justify\"><span lang=\"pt-BR\">VI \u2013 \u00e0 data da realiza\u00e7\u00e3o do segundo turno, nos casos em que o servidor ainda estiver concorrendo;<\/span><\/p>\n<p style=\"text-align: justify;\" align=\"justify\"><span lang=\"pt-BR\">\u00a7 \u00danico <\/span><span lang=\"pt-BR\"><strong>\u2013<\/strong><\/span><span lang=\"pt-BR\"> A n\u00e3o reassun\u00e7\u00e3o do exerc\u00edcio nas hip\u00f3teses previstas no presente artigo implicar\u00e1 na convers\u00e3o dos respectivos dias de aus\u00eancia em faltas injustificadas, devendo serem devolvidos eventuais valores indevidamente recebidos conforme procedimento legal estabelecido.<\/span><\/p>\n<p style=\"text-align: justify;\" align=\"justify\"><span lang=\"pt-BR\">Art. 6\u00ba &#8211; Este Ato Normativo entra em vigor na data de sua publica\u00e7\u00e3o.<\/span><\/p>\n<p style=\"text-align: justify;\" align=\"justify\"><span lang=\"pt-BR\">Publique-se.<\/span><\/p>\n<p style=\"text-align: justify;\" align=\"justify\"><span lang=\"pt-BR\">Vit\u00f3ria, 04 de julho de 2018.<\/span><\/p>\n<p align=\"center\"><span lang=\"pt-BR\">Des. <\/span><span lang=\"pt-BR\">S\u00c9RGIO LUIZ TEIXEIRA GAMA<\/span><\/p>\n<p align=\"center\"><span lang=\"pt-BR\">Presidente<\/span><\/p>\n","protected":false},"excerpt":{"rendered":"<p>ESTADO DO ESP\u00cdRITO SANTO PODER JUDICI\u00c1RIO TRIBUNAL DE JUSTI\u00c7A PRESID\u00caNCIA ATO NORMATIVO N\u00ba 120\/2018 Disp\u00f5e sobre a Licen\u00e7a para Atividade Pol\u00edtica dos servidores do Poder Judici\u00e1rio do Estado do Esp\u00edrito Santo candidatos a mandato eletivo no pleito a ser realizado no dia 07 de outubro de 2018. O Excelent\u00edssimo Senhor Desembargador S\u00c9RGIO LUIZ TEIXEIRA GAMA, [&hellip;]<\/p>\n","protected":false},"author":9,"featured_media":0,"comment_status":"open","ping_status":"open","sticky":false,"template":"","format":"standard","meta":{"footnotes":""},"categories":[4],"tags":[],"_links":{"self":[{"href":"https:\/\/www.tjes.jus.br\/corregedoria\/wp-json\/wp\/v2\/posts\/24483"}],"collection":[{"href":"https:\/\/www.tjes.jus.br\/corregedoria\/wp-json\/wp\/v2\/posts"}],"about":[{"href":"https:\/\/www.tjes.jus.br\/corregedoria\/wp-json\/wp\/v2\/types\/post"}],"author":[{"embeddable":true,"href":"https:\/\/www.tjes.jus.br\/corregedoria\/wp-json\/wp\/v2\/users\/9"}],"replies":[{"embeddable":true,"href":"https:\/\/www.tjes.jus.br\/corregedoria\/wp-json\/wp\/v2\/comments?post=24483"}],"version-history":[{"count":1,"href":"https:\/\/www.tjes.jus.br\/corregedoria\/wp-json\/wp\/v2\/posts\/24483\/revisions"}],"predecessor-version":[{"id":24485,"href":"https:\/\/www.tjes.jus.br\/corregedoria\/wp-json\/wp\/v2\/posts\/24483\/revisions\/24485"}],"wp:attachment":[{"href":"https:\/\/www.tjes.jus.br\/corregedoria\/wp-json\/wp\/v2\/media?parent=24483"}],"wp:term":[{"taxonomy":"category","embeddable":true,"href":"https:\/\/www.tjes.jus.br\/corregedoria\/wp-json\/wp\/v2\/categories?post=24483"},{"taxonomy":"post_tag","embeddable":true,"href":"https:\/\/www.tjes.jus.br\/corregedoria\/wp-json\/wp\/v2\/tags?post=24483"}],"curies":[{"name":"wp","href":"https:\/\/api.w.org\/{rel}","templated":true}]}}