{"id":24489,"date":"2018-07-05T13:15:07","date_gmt":"2018-07-05T16:15:07","guid":{"rendered":"https:\/\/www.tjes.jus.br\/corregedoria\/?p=24489"},"modified":"2018-07-05T13:15:07","modified_gmt":"2018-07-05T16:15:07","slug":"provimento-no-08-2018-disp-05-07-2018","status":"publish","type":"post","link":"https:\/\/www.tjes.jus.br\/corregedoria\/2018\/07\/05\/provimento-no-08-2018-disp-05-07-2018\/","title":{"rendered":"PROVIMENTO N\u00ba 08\/2018 \u2013 DISP. 05\/07\/2018"},"content":{"rendered":"<p align=\"center\">ESTADO DO ESP\u00cdRITO SANTO<\/p>\n<p align=\"center\">PODER JUDICI\u00c1RIO<\/p>\n<p align=\"center\">TRIBUNAL DE JUSTI\u00c7A<\/p>\n<p align=\"center\">\n<p align=\"center\"><strong>PROVIMENTO CGJES N.\u00ba 08\/2018<\/strong><\/p>\n<p align=\"center\">\n<p align=\"justify\">O Excelent\u00edssimo Senhor Desembargador <strong>SAMUEL MEIRA BRASIL JR.<\/strong>, Corregedor Geral da Justi\u00e7a do Estado do Esp\u00edrito Santo, no uso de suas atribui\u00e7\u00f5es legais e,<\/p>\n<p align=\"justify\">\n<p align=\"justify\"><strong>CONSIDERANDO <\/strong>que a Corregedoria Nacional de Justi\u00e7a, no bojo do Pedido de Provid\u00eancias n.\u00ba 0009809-48.2017.2.00.0000, determinou o cumprimento da Meta 09 pela Corregedoria Geral da Justi\u00e7a do Estado do Esp\u00edrito Santo;<\/p>\n<p align=\"justify\">\n<p align=\"justify\"><strong>CONSIDERANDO<\/strong> que a referida meta estabelece a necessidade de a Corregedoria Estadual: \u201c<i>Entabular junto \u00e0 ouvidoria do tribunal o detalhamento das reclama\u00e7\u00f5es em rela\u00e7\u00e3o aos servi\u00e7os extrajudiciais apresentando no site do tribunal estat\u00edsticas trimestrais<\/i>\u201d;<\/p>\n<p align=\"justify\">\n<p align=\"justify\"><strong>CONSIDERANDO<\/strong> que a <a href=\"https:\/\/www.tjes.jus.br\/corregedoria\/2018\/06\/29\/24380\/\">Resolu\u00e7\u00e3o TJES n.\u00ba 24\/2018<\/a> alterou o inciso VIII da <a href=\"https:\/\/www.tjes.jus.br\/corregedoria\/2017\/02\/15\/resolucao-no-362010-publ-em-14062010\/\">Resolu\u00e7\u00e3o TJES n.\u00ba 36\/2010<\/a>, estabelecendo que a Ouvidoria Judici\u00e1ria deve encaminhar ao Plen\u00e1rio do TJES relat\u00f3rio trimestral das atividades por ela desenvolvidas;<\/p>\n<p align=\"justify\">\n<p align=\"justify\"><strong>CONSIDERANDO<\/strong> a necessidade desta Corregedoria enviar \u00e0 Ouvidoria Judici\u00e1ria informa\u00e7\u00f5es sobre a conclus\u00e3o das reclama\u00e7\u00f5es relativas aos servi\u00e7os extrajudiciais para divulga\u00e7\u00e3o;<\/p>\n<p align=\"justify\">\n<p align=\"justify\"><strong>RESOLVE:<\/strong><\/p>\n<p align=\"justify\">\n<p align=\"justify\"><strong>Art. 1\u00ba \u2013 <\/strong>Determinar a todos os setores da Corregedoria Geral da Justi\u00e7a do Estado do Esp\u00edrito Santo que informem \u00e0 Ouvidoria Judici\u00e1ria deste Tribunal a conclus\u00e3o das reclama\u00e7\u00f5es em rela\u00e7\u00e3o aos servi\u00e7os extrajudiciais oriundas daquele setor para inclus\u00e3o dos dados no relat\u00f3rio trimestral.<\/p>\n<p align=\"justify\">\n<p align=\"justify\"><strong>Art. 2\u00ba \u2013 <\/strong>A comunica\u00e7\u00e3o ser\u00e1 feita com o envio da decis\u00e3o final proferida por esta Corregedoria.<\/p>\n<p align=\"justify\">\n<p align=\"justify\"><strong>Art. 3\u00ba \u2013 <\/strong>Esta resolu\u00e7\u00e3o entrar\u00e1 em vigor na data da sua publica\u00e7\u00e3o.<\/p>\n<p align=\"justify\">\n<p align=\"justify\">Publique-se. Cumpra-se.<\/p>\n<p align=\"justify\">\n<p align=\"justify\">Vit\u00f3ria\/ES, 4 de julho de 2018.<\/p>\n<p align=\"center\">\n<p align=\"center\"><strong>DESEMBARGADOR SAMUEL MEIRA BRASIL JR.<\/strong><\/p>\n<p align=\"center\"><strong>CORREGEDOR GERAL DA JUSTI\u00c7A<\/strong><\/p>\n","protected":false},"excerpt":{"rendered":"<p>ESTADO DO ESP\u00cdRITO SANTO PODER JUDICI\u00c1RIO TRIBUNAL DE JUSTI\u00c7A PROVIMENTO CGJES N.\u00ba 08\/2018 O Excelent\u00edssimo Senhor Desembargador SAMUEL MEIRA BRASIL JR., Corregedor Geral da Justi\u00e7a do Estado do Esp\u00edrito Santo, no uso de suas atribui\u00e7\u00f5es legais e, CONSIDERANDO que a Corregedoria Nacional de Justi\u00e7a, no bojo do Pedido de Provid\u00eancias n.\u00ba 0009809-48.2017.2.00.0000, determinou o cumprimento [&hellip;]<\/p>\n","protected":false},"author":8,"featured_media":0,"comment_status":"open","ping_status":"open","sticky":false,"template":"","format":"standard","meta":{"footnotes":""},"categories":[16],"tags":[],"_links":{"self":[{"href":"https:\/\/www.tjes.jus.br\/corregedoria\/wp-json\/wp\/v2\/posts\/24489"}],"collection":[{"href":"https:\/\/www.tjes.jus.br\/corregedoria\/wp-json\/wp\/v2\/posts"}],"about":[{"href":"https:\/\/www.tjes.jus.br\/corregedoria\/wp-json\/wp\/v2\/types\/post"}],"author":[{"embeddable":true,"href":"https:\/\/www.tjes.jus.br\/corregedoria\/wp-json\/wp\/v2\/users\/8"}],"replies":[{"embeddable":true,"href":"https:\/\/www.tjes.jus.br\/corregedoria\/wp-json\/wp\/v2\/comments?post=24489"}],"version-history":[{"count":1,"href":"https:\/\/www.tjes.jus.br\/corregedoria\/wp-json\/wp\/v2\/posts\/24489\/revisions"}],"predecessor-version":[{"id":24490,"href":"https:\/\/www.tjes.jus.br\/corregedoria\/wp-json\/wp\/v2\/posts\/24489\/revisions\/24490"}],"wp:attachment":[{"href":"https:\/\/www.tjes.jus.br\/corregedoria\/wp-json\/wp\/v2\/media?parent=24489"}],"wp:term":[{"taxonomy":"category","embeddable":true,"href":"https:\/\/www.tjes.jus.br\/corregedoria\/wp-json\/wp\/v2\/categories?post=24489"},{"taxonomy":"post_tag","embeddable":true,"href":"https:\/\/www.tjes.jus.br\/corregedoria\/wp-json\/wp\/v2\/tags?post=24489"}],"curies":[{"name":"wp","href":"https:\/\/api.w.org\/{rel}","templated":true}]}}