{"id":24492,"date":"2018-07-05T13:31:03","date_gmt":"2018-07-05T16:31:03","guid":{"rendered":"https:\/\/www.tjes.jus.br\/corregedoria\/?p=24492"},"modified":"2018-07-06T11:00:50","modified_gmt":"2018-07-06T14:00:50","slug":"equipe-da-ceja-cgjes-promove-treinamento-para-os-estados-do-pr-sp-ba-e-ro-para-adocao-do-novo-cadastro-de-adocao","status":"publish","type":"post","link":"https:\/\/www.tjes.jus.br\/corregedoria\/2018\/07\/05\/equipe-da-ceja-cgjes-promove-treinamento-para-os-estados-do-pr-sp-ba-e-ro-para-adocao-do-novo-cadastro-de-adocao\/","title":{"rendered":"Equipe da CEJA\/CGJES promove treinamento para os estados do PR, SP, BA e RO para ado\u00e7\u00e3o do novo Cadastro de Ado\u00e7\u00e3o"},"content":{"rendered":"<p style=\"text-align: justify\"><span style=\"font-weight: 400\">Servidores da Comiss\u00e3o Estadual \u00a0Judici\u00e1ria de Ado\u00e7\u00e3o &#8211; <\/span><a href=\"https:\/\/www.tjes.jus.br\/corregedoria\/ceja\/\"><span style=\"font-weight: 400\">CEJA\/ES<\/span><\/a><span style=\"font-weight: 400\">, \u00f3rg\u00e3o ligado \u00e0 Corregedoria-Geral de Justi\u00e7a do Esp\u00edrito Santo, realizam em parceria com o Conselho Nacional de Justi\u00e7a treinamento no Tribunal de Justi\u00e7a do Paran\u00e1 para ado\u00e7\u00e3o do Cadastro Nacional de Ado\u00e7\u00e3o &#8211; CNA. Al\u00e9m do Paran\u00e1, fazem parte tamb\u00e9m do treinamento os estados de S\u00e3o Paulo, Bahia e Rond\u00f4nia.<img loading=\"lazy\" decoding=\"async\" class=\" wp-image-24496 alignright\" src=\"https:\/\/www.tjes.jus.br\/corregedoria\/wp-content\/uploads\/2018\/07\/IMG_6723-300x225.jpg\" alt=\"\" width=\"381\" height=\"286\" srcset=\"https:\/\/www.tjes.jus.br\/corregedoria\/wp-content\/uploads\/2018\/07\/IMG_6723-300x225.jpg 300w, https:\/\/www.tjes.jus.br\/corregedoria\/wp-content\/uploads\/2018\/07\/IMG_6723.jpg 1280w\" sizes=\"(max-width: 381px) 100vw, 381px\" \/><\/span><\/p>\n<p style=\"text-align: justify\"><span style=\"font-weight: 400\">O Cadastro Nacional de Ado\u00e7\u00e3o dever\u00e1 ser lan\u00e7ado nacionalmente no segundo semestre de 2018. Em 25 de junho foi iniciado com sucesso nas comarcas de Cariacica e Colatina a ado\u00e7\u00e3o no novo sistema. Dando seguimento ao projeto de expans\u00e3o, est\u00e1 sendo realizado em Foz do Igua\u00e7u, no per\u00edodo de 04 a 06 de julho, o treinamento dos servidores daquele Estado para a ado\u00e7\u00e3o do sistema em projeto piloto nas Comarcas de Foz do Igua\u00e7u e Ponto Grossa.<\/span><\/p>\n<p style=\"text-align: justify\"><span style=\"font-weight: 400\">O objetivo deste treinamento \u00e9 capacitar os servidores das varas pilotos para utilizar o novo sistema nacional de ger\u00eancia da ado\u00e7\u00e3o e do acolhimento, al\u00e9m de fornecer aos mesmos um panorama das quest\u00f5es c\u00edveis relacionadas \u00e0 inf\u00e2ncia e juventude, em especial, o acolhimento e a ado\u00e7\u00e3o. Desta maneira, neste curso, al\u00e9m do treinamento do novo sistema, os servidores tamb\u00e9m receber\u00e3o informa\u00e7\u00f5es acerca do Estatuto da Crian\u00e7a e do Adolescente, dos processos referentes \u00e0 \u00e1rea c\u00edvel da inf\u00e2ncia e juventude, do sistema de prote\u00e7\u00e3o \u00e0 inf\u00e2ncia e juventude e sobre a import\u00e2ncia do sistema de gerenciamento para a garantia de direitos e celeridade na resolu\u00e7\u00e3o dos casos. <\/span><\/p>\n<p>&nbsp;<\/p>\n<p style=\"text-align: justify\"><span style=\"font-weight: 400\"><img loading=\"lazy\" decoding=\"async\" class=\"wp-image-24498 alignleft\" src=\"https:\/\/www.tjes.jus.br\/corregedoria\/wp-content\/uploads\/2018\/07\/IMG_6726-300x225.jpg\" alt=\"\" width=\"382\" height=\"286\" srcset=\"https:\/\/www.tjes.jus.br\/corregedoria\/wp-content\/uploads\/2018\/07\/IMG_6726-300x225.jpg 300w, https:\/\/www.tjes.jus.br\/corregedoria\/wp-content\/uploads\/2018\/07\/IMG_6726.jpg 1280w\" sizes=\"(max-width: 382px) 100vw, 382px\" \/>A<\/span>\u00a0escriv\u00e3 da Vara da Inf\u00e2ncia e da Juventude de Foz do Igua\u00e7u\/PR, Jacelyne Wulczak, observou a import\u00e2ncia do treinamento, destacando as funcionalidades do sistema e a troca de informa\u00e7\u00f5es. Para ela, &#8220;queremos, em conjunto, juntar esfor\u00e7os para que, como Vara piloto, o sistema tenha ainda mais sucesso e possa se efetivar como uma nova ferramenta de gerenciamento de informa\u00e7\u00f5es das crian\u00e7as e adolescentes no \u00e2mbito nacional&#8221;.<\/p>\n<p style=\"text-align: justify\"><span style=\"font-weight: 400\"><br \/>\nOs treinamentos s\u00e3o realizados pelos servidores do poder judici\u00e1rio capixaba, Isabely Fontana da Mota e Helerson Elias Silva. Os servidores foram convidados a integrar a Grupo de Trabalho do Conselho Nacional de Justi\u00e7a em raz\u00e3o da experi\u00eancia de sucesso na utiliza\u00e7\u00e3o da plataforma SIGA\/ES, programa que serve de base para ado\u00e7\u00e3o do Cadastro Nacional de Ado\u00e7\u00e3o pelo CNJ. Todo o material de treinamento foi desenvolvido pela pr\u00f3pria equipe local da CEJA\/ES.<\/span><\/p>\n<p style=\"text-align: justify\"><span style=\"font-weight: 400\">Vit\u00f3ria\/ES, 05 de julho de 2018.<\/span><\/p>\n<p style=\"text-align: justify\"><span style=\"font-weight: 400\">Fonte: <\/span><a href=\"https:\/\/www.tjes.jus.br\/corregedoria\/ceja\/\"><span style=\"font-weight: 400\">CEJA\/ES<\/span><\/a><span style=\"font-weight: 400\"> e <\/span><a href=\"https:\/\/www.tjes.jus.br\/corregedoria\/\"><span style=\"font-weight: 400\">CGJ\/ES<\/span><\/a><\/p>\n","protected":false},"excerpt":{"rendered":"<p>Servidores da Comiss\u00e3o Estadual \u00a0Judici\u00e1ria de Ado\u00e7\u00e3o &#8211; CEJA\/ES, \u00f3rg\u00e3o ligado \u00e0 Corregedoria-Geral de Justi\u00e7a do Esp\u00edrito Santo, realizam em parceria com o Conselho Nacional de Justi\u00e7a treinamento no Tribunal de Justi\u00e7a do Paran\u00e1 para ado\u00e7\u00e3o do Cadastro Nacional de Ado\u00e7\u00e3o &#8211; CNA. Al\u00e9m do Paran\u00e1, fazem parte tamb\u00e9m do treinamento os estados de S\u00e3o [&hellip;]<\/p>\n","protected":false},"author":1,"featured_media":24503,"comment_status":"open","ping_status":"open","sticky":false,"template":"","format":"standard","meta":{"footnotes":""},"categories":[1],"tags":[],"_links":{"self":[{"href":"https:\/\/www.tjes.jus.br\/corregedoria\/wp-json\/wp\/v2\/posts\/24492"}],"collection":[{"href":"https:\/\/www.tjes.jus.br\/corregedoria\/wp-json\/wp\/v2\/posts"}],"about":[{"href":"https:\/\/www.tjes.jus.br\/corregedoria\/wp-json\/wp\/v2\/types\/post"}],"author":[{"embeddable":true,"href":"https:\/\/www.tjes.jus.br\/corregedoria\/wp-json\/wp\/v2\/users\/1"}],"replies":[{"embeddable":true,"href":"https:\/\/www.tjes.jus.br\/corregedoria\/wp-json\/wp\/v2\/comments?post=24492"}],"version-history":[{"count":5,"href":"https:\/\/www.tjes.jus.br\/corregedoria\/wp-json\/wp\/v2\/posts\/24492\/revisions"}],"predecessor-version":[{"id":24526,"href":"https:\/\/www.tjes.jus.br\/corregedoria\/wp-json\/wp\/v2\/posts\/24492\/revisions\/24526"}],"wp:featuredmedia":[{"embeddable":true,"href":"https:\/\/www.tjes.jus.br\/corregedoria\/wp-json\/wp\/v2\/media\/24503"}],"wp:attachment":[{"href":"https:\/\/www.tjes.jus.br\/corregedoria\/wp-json\/wp\/v2\/media?parent=24492"}],"wp:term":[{"taxonomy":"category","embeddable":true,"href":"https:\/\/www.tjes.jus.br\/corregedoria\/wp-json\/wp\/v2\/categories?post=24492"},{"taxonomy":"post_tag","embeddable":true,"href":"https:\/\/www.tjes.jus.br\/corregedoria\/wp-json\/wp\/v2\/tags?post=24492"}],"curies":[{"name":"wp","href":"https:\/\/api.w.org\/{rel}","templated":true}]}}