{"id":24499,"date":"2018-07-05T13:17:36","date_gmt":"2018-07-05T16:17:36","guid":{"rendered":"https:\/\/www.tjes.jus.br\/corregedoria\/?p=24499"},"modified":"2018-07-05T13:17:36","modified_gmt":"2018-07-05T16:17:36","slug":"oficio-circular-n-o-077-2018-disp-05-07-2018","status":"publish","type":"post","link":"https:\/\/www.tjes.jus.br\/corregedoria\/2018\/07\/05\/oficio-circular-n-o-077-2018-disp-05-07-2018\/","title":{"rendered":"OF\u00cdCIO-CIRCULAR N.\u00ba 077\/2018 &#8211; DISP. 05\/07\/2018"},"content":{"rendered":"<p style=\"text-align: center;\" align=\"center\">ESTADO DO ESP\u00cdRITO SANTO<\/p>\n<p style=\"text-align: center;\" align=\"center\">PODER JUDICI\u00c1RIO<\/p>\n<p style=\"text-align: center;\" align=\"center\"><span lang=\"pt-BR\"><strong>CORREGEDORIA GERAL DA JUSTI\u00c7A<\/strong><\/span><\/p>\n<p style=\"text-align: center;\" align=\"justify\"><strong>OF\u00cdCIO-CIRCULAR N.\u00ba 077\/ 2018<\/strong><\/p>\n<p style=\"text-align: center;\" align=\"justify\"><strong>Protocolo: <\/strong><strong>201800474962<\/strong><\/p>\n<p style=\"text-align: justify;\" align=\"justify\">O Desembargador Corregedor-Geral da Justi\u00e7a do Estado do Esp\u00edrito Santo, no uso de suas atribui\u00e7\u00f5es legais:<\/p>\n<p style=\"text-align: justify;\" align=\"justify\"><strong>CONSIDERANDO<\/strong> que a Corregedoria Geral da Justi\u00e7a \u00e9 \u00f3rg\u00e3o de fiscaliza\u00e7\u00e3o, disciplina e orienta\u00e7\u00e3o administrativa, com circunscri\u00e7\u00e3o em todo o Estado, conforme art. 35 da Lei Complementar Estadual n.\u00ba 234\/2002 (COJES);<\/p>\n<p style=\"text-align: justify;\" align=\"justify\"><strong>CONSIDERANDO<\/strong> o recebimento do comunicado enviado para esta Corregedoria sob n.\u00ba<strong>201800474962<\/strong>, do Cart\u00f3rio de Registro Civil das Pessoas F\u00edsicas e Jur\u00eddicas e Tabelionato de Notas da 1\u00aa Zona Judici\u00e1ria de Vit\u00f3ria\/ES;<\/p>\n<p style=\"text-align: justify;\" align=\"justify\"><strong>CONSIDERANDO<\/strong> que o referido comunicado informa sobre a inutiliza\u00e7\u00e3o de pap\u00e9is de seguran\u00e7a para o ato de aposi\u00e7\u00e3o de apostila, conforme consta em anexo.<\/p>\n<p style=\"text-align: justify;\" align=\"justify\"><strong>RECOMENDA<\/strong> aos Ju\u00edzes de Direito Diretores dos Foros, Membros do Minist\u00e9rio P\u00fablico, Advogados, Not\u00e1rios e Registradores, Serventu\u00e1rios e a quem mais possa interessar, que observem os comunicados em anexo, e adotem as provid\u00eancias que entenderem pertinentes.<\/p>\n<p style=\"text-align: justify;\" align=\"justify\"><strong>Publique-se. Cumpra-se.<\/strong><\/p>\n<p style=\"text-align: justify;\" align=\"justify\">Vit\u00f3ria\/ES, 04 de junho de 2018.<\/p>\n<p align=\"center\"><strong>Desembargador SAMUEL MEIRA BRASIL JR.<\/strong><\/p>\n<p align=\"center\"><strong>Corregedor Geral da Justi\u00e7a<\/strong><\/p>\n<p align=\"center\">\n<p align=\"center\"><strong><a href=\"https:\/\/sistemas.tjes.jus.br\/ediario\/images\/CERTID%C3%83O_-_2.pdf\" target=\"_blank\" rel=\"noopener\">ANEXO &#8211; CLIQUE AQUI<\/a><\/strong><\/p>\n","protected":false},"excerpt":{"rendered":"<p>ESTADO DO ESP\u00cdRITO SANTO PODER JUDICI\u00c1RIO CORREGEDORIA GERAL DA JUSTI\u00c7A OF\u00cdCIO-CIRCULAR N.\u00ba 077\/ 2018 Protocolo: 201800474962 O Desembargador Corregedor-Geral da Justi\u00e7a do Estado do Esp\u00edrito Santo, no uso de suas atribui\u00e7\u00f5es legais: CONSIDERANDO que a Corregedoria Geral da Justi\u00e7a \u00e9 \u00f3rg\u00e3o de fiscaliza\u00e7\u00e3o, disciplina e orienta\u00e7\u00e3o administrativa, com circunscri\u00e7\u00e3o em todo o Estado, conforme art. [&hellip;]<\/p>\n","protected":false},"author":9,"featured_media":0,"comment_status":"open","ping_status":"open","sticky":false,"template":"","format":"standard","meta":{"footnotes":""},"categories":[5],"tags":[],"_links":{"self":[{"href":"https:\/\/www.tjes.jus.br\/corregedoria\/wp-json\/wp\/v2\/posts\/24499"}],"collection":[{"href":"https:\/\/www.tjes.jus.br\/corregedoria\/wp-json\/wp\/v2\/posts"}],"about":[{"href":"https:\/\/www.tjes.jus.br\/corregedoria\/wp-json\/wp\/v2\/types\/post"}],"author":[{"embeddable":true,"href":"https:\/\/www.tjes.jus.br\/corregedoria\/wp-json\/wp\/v2\/users\/9"}],"replies":[{"embeddable":true,"href":"https:\/\/www.tjes.jus.br\/corregedoria\/wp-json\/wp\/v2\/comments?post=24499"}],"version-history":[{"count":1,"href":"https:\/\/www.tjes.jus.br\/corregedoria\/wp-json\/wp\/v2\/posts\/24499\/revisions"}],"predecessor-version":[{"id":24508,"href":"https:\/\/www.tjes.jus.br\/corregedoria\/wp-json\/wp\/v2\/posts\/24499\/revisions\/24508"}],"wp:attachment":[{"href":"https:\/\/www.tjes.jus.br\/corregedoria\/wp-json\/wp\/v2\/media?parent=24499"}],"wp:term":[{"taxonomy":"category","embeddable":true,"href":"https:\/\/www.tjes.jus.br\/corregedoria\/wp-json\/wp\/v2\/categories?post=24499"},{"taxonomy":"post_tag","embeddable":true,"href":"https:\/\/www.tjes.jus.br\/corregedoria\/wp-json\/wp\/v2\/tags?post=24499"}],"curies":[{"name":"wp","href":"https:\/\/api.w.org\/{rel}","templated":true}]}}