{"id":24515,"date":"2018-07-05T17:43:30","date_gmt":"2018-07-05T20:43:30","guid":{"rendered":"https:\/\/www.tjes.jus.br\/corregedoria\/?p=24515"},"modified":"2018-07-05T17:45:07","modified_gmt":"2018-07-05T20:45:07","slug":"corregedoria-geral-de-justica-assina-ato-conjunto-sobre-regras-de-gestao-de-veiculos-apreendidos","status":"publish","type":"post","link":"https:\/\/www.tjes.jus.br\/corregedoria\/2018\/07\/05\/corregedoria-geral-de-justica-assina-ato-conjunto-sobre-regras-de-gestao-de-veiculos-apreendidos\/","title":{"rendered":"CGJ assina Ato Conjunto sobre regras de gest\u00e3o de ve\u00edculos apreendidos"},"content":{"rendered":"<p>O Corregedor Geral de Justi\u00e7a do Estado do Esp\u00edrito Santo, Desembargador Samuel Meira Brasil J\u00fanior (CGJ-ES), assinou na \u00faltima quarta-feira, 04\/07, no Pal\u00e1cio Anchieta, o Ato Normativo Conjunto com o Tribunal de Justi\u00e7a do Estado do Esp\u00edrito Santo (TJES), Minist\u00e9rio P\u00fablico do Estado do Esp\u00edrito Santo (MPES), Secretaria de Seguran\u00e7a P\u00fablica e Defesa Social (Sesp), Departamento Estadual de Tr\u00e2nsito do Esp\u00edrito Santo (Detran|ES) e Pol\u00edcia Civil do Esp\u00edrito Santo (PC-ES), que tem por objetivo simplificar e desburocratizar atos e procedimentos administrativos que regulamentam a aplica\u00e7\u00e3o dos procedimentos para leil\u00e3o de ve\u00edculos apreendidos em todo o Estado.<\/p>\n<p>O ato ir\u00e1 instituir no \u00e2mbito do Poder Judici\u00e1rio do Estado do Esp\u00edrito Santo as regras de gest\u00e3o de ve\u00edculos apreendidos em inqu\u00e9ritos policiais, processos ou procedimentos criminais e de apura\u00e7\u00e3o de atos infracionais, de observ\u00e2ncia obrigat\u00f3ria por todas as unidades judici\u00e1rias do estado com compet\u00eancia em mat\u00e9ria criminal, inclu\u00eddas as unidades dos Juizados Especiais Criminais, das Varas de Inf\u00e2ncia e Juventude e dos Juizados de Viol\u00eancia Dom\u00e9stica.<\/p>\n<p><img loading=\"lazy\" decoding=\"async\" class=\"aligncenter size-full wp-image-24517\" src=\"https:\/\/www.tjes.jus.br\/corregedoria\/wp-content\/uploads\/2018\/07\/INT_040718_assina_ato_cgj_govES_787.jpg\" alt=\"\" width=\"787\" height=\"525\" srcset=\"https:\/\/www.tjes.jus.br\/corregedoria\/wp-content\/uploads\/2018\/07\/INT_040718_assina_ato_cgj_govES_787.jpg 787w, https:\/\/www.tjes.jus.br\/corregedoria\/wp-content\/uploads\/2018\/07\/INT_040718_assina_ato_cgj_govES_787-300x200.jpg 300w\" sizes=\"(max-width: 787px) 100vw, 787px\" \/><\/p>\n<p>Tamb\u00e9m assinaram o Ato o Presidente do Tribunal de Justi\u00e7a do Estado do Esp\u00edrito Santo (TJES), Desembargador S\u00e9rgio Luiz Teixeira Gama; o Governador do Estado, Paulo Hartung; o subprocurador-geral de Justi\u00e7a Institucional do Minist\u00e9rio P\u00fablico do Estado do Esp\u00edrito Santo, Josemar Moreira; o Secret\u00e1rio de Estado da Seguran\u00e7a P\u00fablica e Defesa Social, Tenente Coronel Nylton Rodrigues Ribeiro Filho; o Diretor Geral do Departamento Estadual de Tr\u00e2nsito, Romeu Scheibe Neto; o Delegado Geral da Pol\u00edcia Civil do Estado do Esp\u00edrito Santo, Guilherme Dar\u00e9 de Lima; Corregedora Geral Pol\u00edcia Civil do Estado do Esp\u00edrito Santo, Fabiana Maioral Foresto.<\/p>\n<p>Segundo o Corregedor-Geral de Justi\u00e7a, a assinatura do Ato Normativo traz um grande benef\u00edcio ao Poder Judici\u00e1rio, ao Executivo e \u00e0 Sociedade, pois trata de ve\u00edculos apreendidos em processos criminais, onde, na maioria das vezes, havia a perda do bem por deteriora\u00e7\u00e3o durante a tramita\u00e7\u00e3o do processo.<\/p>\n<p>Assim, a aliena\u00e7\u00e3o destes ve\u00edculos, que ficavam sob a responsabilidade administrativa do Poder Judici\u00e1rio, de forma antecipada, resguardar\u00e1 o valor econ\u00f4mico do bem apreendido, permitindo no futuro, a destina\u00e7\u00e3o do dinheiro a quem de direito, explicou o Desembargador.<br \/>\nDurante a abertura da solenidade, o Governador do Estado, Paulo Hartung, tamb\u00e9m destacou a import\u00e2ncia do Ato:<\/p>\n<p>\u201cAgrade\u00e7o a presen\u00e7a de todos nesta reuni\u00e3o de trabalho que marca um ato administrativo importante para simplificar algo que atrapalha a rotina de nossas institui\u00e7\u00f5es policiais. Esse ato que assinamos hoje \u00e9 fruto de um profundo di\u00e1logo e uma constru\u00e7\u00e3o e coopera\u00e7\u00e3o conjunta entre o Governo do Estado, o Poder Judici\u00e1rio e o Minist\u00e9rio P\u00fablico. \u00c9 um instrumento que rompe a teia da burocracia, que dificulta o desenvolvimento do pa\u00eds\u201d.<\/p>\n","protected":false},"excerpt":{"rendered":"<p>O Corregedor Geral de Justi\u00e7a do Estado do Esp\u00edrito Santo, Desembargador Samuel Meira Brasil J\u00fanior (CGJ-ES), assinou na \u00faltima quarta-feira, 04\/07, no Pal\u00e1cio Anchieta, o Ato Normativo Conjunto com o Tribunal de Justi\u00e7a do Estado do Esp\u00edrito Santo (TJES), Minist\u00e9rio P\u00fablico do Estado do Esp\u00edrito Santo (MPES), Secretaria de Seguran\u00e7a P\u00fablica e Defesa Social (Sesp), [&hellip;]<\/p>\n","protected":false},"author":10,"featured_media":24516,"comment_status":"open","ping_status":"open","sticky":false,"template":"","format":"standard","meta":{"footnotes":""},"categories":[1],"tags":[],"_links":{"self":[{"href":"https:\/\/www.tjes.jus.br\/corregedoria\/wp-json\/wp\/v2\/posts\/24515"}],"collection":[{"href":"https:\/\/www.tjes.jus.br\/corregedoria\/wp-json\/wp\/v2\/posts"}],"about":[{"href":"https:\/\/www.tjes.jus.br\/corregedoria\/wp-json\/wp\/v2\/types\/post"}],"author":[{"embeddable":true,"href":"https:\/\/www.tjes.jus.br\/corregedoria\/wp-json\/wp\/v2\/users\/10"}],"replies":[{"embeddable":true,"href":"https:\/\/www.tjes.jus.br\/corregedoria\/wp-json\/wp\/v2\/comments?post=24515"}],"version-history":[{"count":2,"href":"https:\/\/www.tjes.jus.br\/corregedoria\/wp-json\/wp\/v2\/posts\/24515\/revisions"}],"predecessor-version":[{"id":24519,"href":"https:\/\/www.tjes.jus.br\/corregedoria\/wp-json\/wp\/v2\/posts\/24515\/revisions\/24519"}],"wp:featuredmedia":[{"embeddable":true,"href":"https:\/\/www.tjes.jus.br\/corregedoria\/wp-json\/wp\/v2\/media\/24516"}],"wp:attachment":[{"href":"https:\/\/www.tjes.jus.br\/corregedoria\/wp-json\/wp\/v2\/media?parent=24515"}],"wp:term":[{"taxonomy":"category","embeddable":true,"href":"https:\/\/www.tjes.jus.br\/corregedoria\/wp-json\/wp\/v2\/categories?post=24515"},{"taxonomy":"post_tag","embeddable":true,"href":"https:\/\/www.tjes.jus.br\/corregedoria\/wp-json\/wp\/v2\/tags?post=24515"}],"curies":[{"name":"wp","href":"https:\/\/api.w.org\/{rel}","templated":true}]}}