{"id":24631,"date":"2018-07-13T15:01:30","date_gmt":"2018-07-13T18:01:30","guid":{"rendered":"https:\/\/www.tjes.jus.br\/corregedoria\/?p=24631"},"modified":"2025-05-09T15:40:52","modified_gmt":"2025-05-09T18:40:52","slug":"ato-normativo-no-128-2018-disp-13-07-2018","status":"publish","type":"post","link":"https:\/\/www.tjes.jus.br\/corregedoria\/2018\/07\/13\/ato-normativo-no-128-2018-disp-13-07-2018\/","title":{"rendered":"ATO NORMATIVO N\u00ba 128\/2018 \u2013 DISP. 13\/07\/2018 &#8211; REVOGADO"},"content":{"rendered":"<h4 align=\"center\"><strong><span style=\"color: #ff0000;\">REVOGADO PELO<\/span>\u00a0<a href=\"https:\/\/www.tjes.jus.br\/corregedoria\/2025\/05\/06\/ato-normativo-no-130-2025-disp-06-05-2025\/\">ATO NORMATIVO N\u00ba 130\/2025<\/a>\u00a0<span style=\"color: #ff0000;\">DISP. 06\/05\/2025<\/span><\/strong><\/h4>\n<p align=\"center\"><del>ESTADO DO ESP\u00cdRITO SANTO \u2013 PODER JUDICI\u00c1RIO<\/del><\/p>\n<p align=\"center\"><del>TRIBUNAL DE JUSTI\u00c7A<\/del><\/p>\n<p align=\"center\"><del>PRESID\u00caNCIA<\/del><\/p>\n<p align=\"center\"><del><strong>Ato Normativo N\u00ba 128 \/2018<\/strong><\/del><\/p>\n<p><del>Institui Mutir\u00e3o de Audi\u00eancias de Concilia\u00e7\u00e3o dos processos envolvendo Concession\u00e1ria de telefonia dos Juizados Especiais C\u00edveis de Vila Velha a ser desenvolvido em coopera\u00e7\u00e3o pelo NUPEMEC \u2013 N\u00facleo Permanente de M\u00e9todos Consensuais de Solu\u00e7\u00e3o de Conflitos, por meio do 3\u00ba Centro Judici\u00e1rio de Solu\u00e7\u00e3o de Conflitos e Cidadania \u2013 3\u00ba CEJUSC e Coordenadoria dos Juizados Especiais.<\/del><\/p>\n<p align=\"justify\"><del>O Excelent\u00edssimo Senhor Desembargador S\u00c9RGIO LUIZ TEIXEIRA GAMA, Presidente do Egr\u00e9gio Tribunal de Justi\u00e7a do Estado do Esp\u00edrito Santo, no uso de suas atribui\u00e7\u00f5es legais e,<\/del><\/p>\n<p align=\"justify\"><del>CONSIDERANDO a <a href=\"https:\/\/www.tjes.jus.br\/corregedoria\/2017\/02\/16\/resolucao-no-032011-publ-em-24012011\/\" target=\"_blank\" rel=\"noopener\">Resolu\u00e7\u00e3o n\u00ba 003\/2011<\/a>, que instituiu o N\u00facleo Permanente de M\u00e9todos Consensuais de Solu\u00e7\u00e3o de Conflitos do Poder Judici\u00e1rio do Estado do Esp\u00edrito Santo, posteriormente alterada pela <a href=\"https:\/\/www.tjes.jus.br\/corregedoria\/2017\/02\/21\/resolucao-no-192012-publ-em-17042012\/\" target=\"_blank\" rel=\"noopener\">Resolu\u00e7\u00e3o n\u00ba 19\/2012<\/a>;<\/del><\/p>\n<p align=\"justify\"><del>CONSIDERANDO a <a href=\"https:\/\/www.tjes.jus.br\/corregedoria\/2016\/07\/06\/resolucao-no-0172013-disp-13042013\/\" target=\"_blank\" rel=\"noopener\">Resolu\u00e7\u00e3o n\u00ba 017\/2013<\/a>, que disp\u00f5e sobre a cria\u00e7\u00e3o dos Centros Judici\u00e1rios de Solu\u00e7\u00e3o de Conflitos e Cidadania no \u00e2mbito do Poder Judici\u00e1rio do Estado do Esp\u00edrito Santo, nos termos da Resolu\u00e7\u00e3o n\u00ba 125, do Conselho Nacional de Justi\u00e7a;<\/del><\/p>\n<p align=\"justify\"><del>CONSIDERANDO que aos \u00f3rg\u00e3os judici\u00e1rios incumbe, al\u00e9m da solu\u00e7\u00e3o adjudicada mediante senten\u00e7a, oferecer outros mecanismos de solu\u00e7\u00f5es de controv\u00e9rsias, em especial os chamados meios consensuais, como a media\u00e7\u00e3o e a concilia\u00e7\u00e3o, bem como prestar atendimento e orienta\u00e7\u00e3o ao cidad\u00e3o;<\/del><\/p>\n<p align=\"justify\"><del>RESOLVE:<\/del><\/p>\n<p align=\"justify\"><del>Art. 1\u00ba \u2013 INSTITUIR Mutir\u00e3o de Audi\u00eancias de Concilia\u00e7\u00e3o dos processos envolvendo Concession\u00e1ria de telefonia dos Juizados Especiais C\u00edveis de Vila Velha, no per\u00edodo de 30\/07\/18 a 31\/07\/18, no hor\u00e1rio das 08:00 \u00e0s 18:00 horas, e 01\/08\/18, no hor\u00e1rio das 08:00 \u00e0s 13:00 horas a ser realizada pelo 3\u00ba CEJUSC \u2013 Centro Judici\u00e1rio de Solu\u00e7\u00e3o de Conflitos e Cidadania, em conjunto com a Coordenadoria dos Juizados Especiais, localizado no F\u00f3rum Desembargador Afonso Cl\u00e1udio, Rua Doutor Annor da Silva, n\u00ba 191, Boa Vista II, Vila Velha-ES.<\/del><\/p>\n<p align=\"justify\"><del>\u00a7 1\u00ba \u2013 Os Ju\u00edzes dos Juizados Especiais C\u00edveis de Vila Velha ser\u00e3o cientificados dos processos que participar\u00e3o do Mutir\u00e3o, bem como do dia e hor\u00e1rio das audi\u00eancias, por meio de e-mail encaminhado pelo 3\u00ba CEJUSC.<\/del><\/p>\n<p align=\"justify\"><del>\u00a7 2\u00ba \u2013 Os Ju\u00edzes determinar\u00e3o as secretarias os tr\u00e2mites para a intima\u00e7\u00e3o c\u00e9lere das partes envolvidas, bem como de seus respectivos patronos, para o comparecimento em dia e hor\u00e1rios predeterminados, segundo pauta a ser disponibilizada pelo 3\u00ba CEJUSC para cada um dos ju\u00edzos, munida de todos os documentos que entenderem pertinentes.<\/del><\/p>\n<p align=\"justify\"><del>\u00a7 3\u00ba \u2013 A Concession\u00e1ria de telefonia participante do Mutir\u00e3o ser\u00e1 considerada intimada, na pessoa de seu patrono, a partir da publica\u00e7\u00e3o deste ato.<\/del><\/p>\n<p align=\"justify\"><del>Art. 2\u00ba \u2013 Na hip\u00f3tese de composi\u00e7\u00e3o entre as partes, as atas ser\u00e3o imediatamente submetidas a um dos MM. Ju\u00edzes Coordenadores dos Juizados Especiais, Dra. Ana Cl\u00e1udia Rodrigues Faria e Dr. Leonardo Alvarenga da Fonseca, para homologa\u00e7\u00e3o.<\/del><\/p>\n<p align=\"justify\"><del>Art. 3\u00ba \u2013 O 3\u00ba CEJUSC encaminhar\u00e1 as atas das sess\u00f5es realizadas para as Varas de origem, tendo ou n\u00e3o obtido acordo, at\u00e9 5 (cinco) dias \u00fateis ap\u00f3s o t\u00e9rmino do evento.<\/del><\/p>\n<p align=\"justify\"><del>\u00a7 1\u00ba \u2013 No caso de processos eletr\u00f4nicos, o 3\u00ba CEJUSC remeter\u00e1 as atas das sess\u00f5es realizadas para as Varas de origem via e-mail e os originais seguir\u00e3o ap\u00f3s o t\u00e9rmino do evento, via Correio, a fim de serem juntadas aos autos.<\/del><\/p>\n<p align=\"justify\"><del>\u00a7 2\u00ba \u2013 A aus\u00eancia das partes ser\u00e1 devidamente certificada nos autos, ou enviada a certid\u00e3o por e-mail, no caso de processos eletr\u00f4nicos.<\/del><\/p>\n<p align=\"justify\"><del>Art. 4\u00ba \u2013 Este Ato Normativo entra em vigor na data de sua publica\u00e7\u00e3o.<\/del><\/p>\n<p align=\"justify\"><del>Publique-se.<\/del><\/p>\n<p><del>Vit\u00f3ria, 12 de julho de 2018.<\/del><\/p>\n<p align=\"center\"><del>Des. S\u00c9RGIO LUIZ TEIXEIRA GAMA<\/del><\/p>\n<p align=\"center\"><del>Presidente<\/del><\/p>\n","protected":false},"excerpt":{"rendered":"<p>REVOGADO PELO\u00a0ATO NORMATIVO N\u00ba 130\/2025\u00a0DISP. 06\/05\/2025 ESTADO DO ESP\u00cdRITO SANTO \u2013 PODER JUDICI\u00c1RIO TRIBUNAL DE JUSTI\u00c7A PRESID\u00caNCIA Ato Normativo N\u00ba 128 \/2018 Institui Mutir\u00e3o de Audi\u00eancias de Concilia\u00e7\u00e3o dos processos envolvendo Concession\u00e1ria de telefonia dos Juizados Especiais C\u00edveis de Vila Velha a ser desenvolvido em coopera\u00e7\u00e3o pelo NUPEMEC \u2013 N\u00facleo Permanente de M\u00e9todos Consensuais de [&hellip;]<\/p>\n","protected":false},"author":8,"featured_media":0,"comment_status":"open","ping_status":"open","sticky":false,"template":"","format":"standard","meta":{"footnotes":""},"categories":[4],"tags":[],"_links":{"self":[{"href":"https:\/\/www.tjes.jus.br\/corregedoria\/wp-json\/wp\/v2\/posts\/24631"}],"collection":[{"href":"https:\/\/www.tjes.jus.br\/corregedoria\/wp-json\/wp\/v2\/posts"}],"about":[{"href":"https:\/\/www.tjes.jus.br\/corregedoria\/wp-json\/wp\/v2\/types\/post"}],"author":[{"embeddable":true,"href":"https:\/\/www.tjes.jus.br\/corregedoria\/wp-json\/wp\/v2\/users\/8"}],"replies":[{"embeddable":true,"href":"https:\/\/www.tjes.jus.br\/corregedoria\/wp-json\/wp\/v2\/comments?post=24631"}],"version-history":[{"count":4,"href":"https:\/\/www.tjes.jus.br\/corregedoria\/wp-json\/wp\/v2\/posts\/24631\/revisions"}],"predecessor-version":[{"id":43486,"href":"https:\/\/www.tjes.jus.br\/corregedoria\/wp-json\/wp\/v2\/posts\/24631\/revisions\/43486"}],"wp:attachment":[{"href":"https:\/\/www.tjes.jus.br\/corregedoria\/wp-json\/wp\/v2\/media?parent=24631"}],"wp:term":[{"taxonomy":"category","embeddable":true,"href":"https:\/\/www.tjes.jus.br\/corregedoria\/wp-json\/wp\/v2\/categories?post=24631"},{"taxonomy":"post_tag","embeddable":true,"href":"https:\/\/www.tjes.jus.br\/corregedoria\/wp-json\/wp\/v2\/tags?post=24631"}],"curies":[{"name":"wp","href":"https:\/\/api.w.org\/{rel}","templated":true}]}}