{"id":24672,"date":"2018-07-19T16:47:08","date_gmt":"2018-07-19T19:47:08","guid":{"rendered":"https:\/\/www.tjes.jus.br\/corregedoria\/?p=24672"},"modified":"2018-07-19T16:47:08","modified_gmt":"2018-07-19T19:47:08","slug":"portaria-no-07-2018-disp-16-07-2018","status":"publish","type":"post","link":"https:\/\/www.tjes.jus.br\/corregedoria\/2018\/07\/19\/portaria-no-07-2018-disp-16-07-2018\/","title":{"rendered":"PORTARIA N\u00ba 07\/2018 \u2013 DISP. 16\/07\/2018"},"content":{"rendered":"<p align=\"center\"><strong>ESTADO DO ESP\u00cdRITO SANTO<\/strong><\/p>\n<p align=\"center\"><strong>PODER JUDICI\u00c1RIO<\/strong><\/p>\n<p align=\"center\"><strong>CORREGEDORIA GERAL DA JUSTI\u00c7A<\/strong><\/p>\n<p align=\"center\">\n<p align=\"center\"><strong>P O R T A R I A N.\u00ba 07\/2018<\/strong><\/p>\n<p>&nbsp;<\/p>\n<p align=\"justify\">ODesembargador<strong> SAMUEL MEIRA BRASIL JUNIOR<\/strong>,Corregedor Geral da Justi\u00e7a do Estado do Esp\u00edrito Santo, no uso de suas atribui\u00e7\u00f5es legais,<\/p>\n<p align=\"justify\">\n<p align=\"justify\">Em atendimento ao art. 60, inciso V, e art. 61, par\u00e1grafos 1\u00ba e 2\u00ba, da Resolu\u00e7\u00e3o N\u00ba 15\/95,<strong> DETERMINOU que se instaure CORREI\u00c7\u00c3O GERAL ORDIN\u00c1RIA NA COMARCA DE PRESIDENTE KENNEDY, <\/strong>abrangendo 01 unidade judici\u00e1ria e 02 serventias extrajudiciais.<\/p>\n<p align=\"justify\">\n<p align=\"justify\">A sess\u00e3o de instala\u00e7\u00e3o foi designada para o <strong>dia 14 (quatorze) de agosto do ano de 2018, \u00e0s 13:00 horas,<\/strong> na Sala do Tribunal do J\u00fari da aludida Comarca.<\/p>\n<p align=\"justify\">\n<p align=\"justify\">Aos 13 (treze) dias do m\u00eas de julho do ano dois mil e dezoito (2018).<\/p>\n<p>&nbsp;<\/p>\n<p>&nbsp;<\/p>\n<p>&nbsp;<\/p>\n<p align=\"center\"><strong>Desembargador <\/strong><strong>SAMUEL MEIRA BRASIL JUNIOR<\/strong><\/p>\n<p align=\"center\"><strong>Corregedor Geral da Justi\u00e7a<\/strong><\/p>\n","protected":false},"excerpt":{"rendered":"<p>ESTADO DO ESP\u00cdRITO SANTO PODER JUDICI\u00c1RIO CORREGEDORIA GERAL DA JUSTI\u00c7A P O R T A R I A N.\u00ba 07\/2018 &nbsp; ODesembargador SAMUEL MEIRA BRASIL JUNIOR,Corregedor Geral da Justi\u00e7a do Estado do Esp\u00edrito Santo, no uso de suas atribui\u00e7\u00f5es legais, Em atendimento ao art. 60, inciso V, e art. 61, par\u00e1grafos 1\u00ba e 2\u00ba, da [&hellip;]<\/p>\n","protected":false},"author":8,"featured_media":0,"comment_status":"open","ping_status":"open","sticky":false,"template":"","format":"standard","meta":{"footnotes":""},"categories":[6],"tags":[],"_links":{"self":[{"href":"https:\/\/www.tjes.jus.br\/corregedoria\/wp-json\/wp\/v2\/posts\/24672"}],"collection":[{"href":"https:\/\/www.tjes.jus.br\/corregedoria\/wp-json\/wp\/v2\/posts"}],"about":[{"href":"https:\/\/www.tjes.jus.br\/corregedoria\/wp-json\/wp\/v2\/types\/post"}],"author":[{"embeddable":true,"href":"https:\/\/www.tjes.jus.br\/corregedoria\/wp-json\/wp\/v2\/users\/8"}],"replies":[{"embeddable":true,"href":"https:\/\/www.tjes.jus.br\/corregedoria\/wp-json\/wp\/v2\/comments?post=24672"}],"version-history":[{"count":0,"href":"https:\/\/www.tjes.jus.br\/corregedoria\/wp-json\/wp\/v2\/posts\/24672\/revisions"}],"wp:attachment":[{"href":"https:\/\/www.tjes.jus.br\/corregedoria\/wp-json\/wp\/v2\/media?parent=24672"}],"wp:term":[{"taxonomy":"category","embeddable":true,"href":"https:\/\/www.tjes.jus.br\/corregedoria\/wp-json\/wp\/v2\/categories?post=24672"},{"taxonomy":"post_tag","embeddable":true,"href":"https:\/\/www.tjes.jus.br\/corregedoria\/wp-json\/wp\/v2\/tags?post=24672"}],"curies":[{"name":"wp","href":"https:\/\/api.w.org\/{rel}","templated":true}]}}