{"id":24674,"date":"2018-07-19T16:52:38","date_gmt":"2018-07-19T19:52:38","guid":{"rendered":"https:\/\/www.tjes.jus.br\/corregedoria\/?p=24674"},"modified":"2018-07-19T16:52:38","modified_gmt":"2018-07-19T19:52:38","slug":"ato-normativo-no-131-2018-disp-17-07-2018","status":"publish","type":"post","link":"https:\/\/www.tjes.jus.br\/corregedoria\/2018\/07\/19\/ato-normativo-no-131-2018-disp-17-07-2018\/","title":{"rendered":"ATO NORMATIVO N\u00ba 131\/2018 \u2013 DISP. 17\/07\/2018"},"content":{"rendered":"<p align=\"center\">ESTADO DO ESP\u00cdRITO SANTO<\/p>\n<p align=\"center\">PODER JUDICI\u00c1RIO<\/p>\n<p align=\"center\">\n<p align=\"center\"><strong>ATO NORMATIVO n\u00b0 131\/2018<\/strong><\/p>\n<p>&nbsp;<\/p>\n<p align=\"justify\">O Excelent\u00edssimo Senhor Desembargador S\u00c9RGIO LUIZ TEIXEIRA GAMA, Presidente do Egr\u00e9gio Tribunal de Justi\u00e7a do Estado do Esp\u00edrito Santo, no uso de suas atribui\u00e7\u00f5es legais e,<\/p>\n<p align=\"justify\">\n<p align=\"justify\">CONSIDERANDO as diretrizes contidas na Lei Federal n\u00ba. 11.419, de 19 de Dezembro de 2006, que disp\u00f5e sobre a informatiza\u00e7\u00e3o do processo judicial, especialmente o disposto em seu artigo 18, que autoriza a regulamenta\u00e7\u00e3o pelos \u00f3rg\u00e3os do Poder Judici\u00e1rio, e o disposto no artigo 1\u00ba, \u00a72\u00ba, III, al\u00ednea \u201cb\u201d, que define as formas de identifica\u00e7\u00e3o do signat\u00e1rio de assinatura eletr\u00f4nica;<\/p>\n<p align=\"justify\">\n<p align=\"justify\">CONSIDERANDO os benef\u00edcios advindos da substitui\u00e7\u00e3o de assinatura de atos cartor\u00e1rios e de magistrados, em meio f\u00edsico pela assinatura eletr\u00f4nica;<\/p>\n<p align=\"justify\">\n<p align=\"justify\">CONSIDERANDO a evolu\u00e7\u00e3o do sistema EJUD com o desenvolvimento de funcionalidades que permitem a utiliza\u00e7\u00e3o de assinatura eletr\u00f4nica em atendimento a demandas de magistrados e servidores usu\u00e1rios do sistema;<\/p>\n<p align=\"justify\">\n<p align=\"justify\">CONSIDERANDO a delibera\u00e7\u00e3o do Comit\u00ea de Governan\u00e7a de Tecnologia da Informa\u00e7\u00e3o e Comunica\u00e7\u00e3o \u2013 CGTIC pela aprova\u00e7\u00e3o de Ato Normativo que vise \u00e0 regulamenta\u00e7\u00e3o da assinatura eletr\u00f4nica no sistema EJUD;<\/p>\n<p align=\"justify\">\n<p align=\"justify\">CONSIDERANDO o sucesso nos testes realizados com a ferramenta de Assinatura Eletr\u00f4nica de Atos Cartor\u00e1rios, em funcionamento como \u201cProjeto Piloto\u201d na 1\u00aa Vara C\u00edvel da Comarca de Itapemirim, sendo esta cientificando que a funcionalidade est\u00e1 apta para implanta\u00e7\u00e3o nas demais unidades judici\u00e1rias do Estado do Esp\u00edrito Santo;<\/p>\n<p align=\"justify\">\n<p align=\"justify\">CONSIDERANDO as crescentes solicita\u00e7\u00f5es de magistrados e servidores \u00e0 Secretaria de Tecnologia de Informa\u00e7\u00e3o, de solu\u00e7\u00f5es que tornem a pr\u00e1tica cartor\u00e1ria mais \u00e1gil;<\/p>\n<p align=\"justify\">\n<p align=\"justify\">RESOLVE:<\/p>\n<p align=\"justify\">\n<p align=\"justify\">Art. 1\u00ba &#8211; Autorizar a libera\u00e7\u00e3o das funcionalidades que permitam a Assinatura Eletr\u00f4nica de documentos expedidos dentro do Sistema EJUD em todas as unidades judici\u00e1rias que utilizem o sistema.<\/p>\n<p align=\"justify\">\n<p align=\"justify\">Art. 2\u00ba \u2013 A assinatura eletr\u00f4nica ocorrer\u00e1 mediante a utiliza\u00e7\u00e3o da senha (mesma senha de acesso ao Sistema EJUD) do magistrado\/servidor vinculado ao ato eletr\u00f4nico emitido pela sistema.<\/p>\n<p align=\"justify\">\n<p align=\"justify\">Art. 3\u00ba \u2013 O \u201cm\u00e9todo oficial\u201d de divulga\u00e7\u00e3o do lan\u00e7amento de novas funcionalidades do Sistema EJUD, que utilizem Assinatura Eletr\u00f4nica, ser\u00e1 atrav\u00e9s das mensagens disponibilizadas no item \u201cAtualiza\u00e7\u00f5es do Sistema\u201d, localizado na \u201cP\u00e1gina Inicial\u201d do Sistema EJUD.<\/p>\n<p align=\"justify\">\n<p align=\"justify\">Art. 4\u00ba \u2013 Este Ato Normativo entra em vigor na data da sua publica\u00e7\u00e3o, revogando-se as disposi\u00e7\u00f5es em contr\u00e1rio.<\/p>\n<p align=\"center\">\n<p style=\"text-align: left;\" align=\"center\">Publique-se.<\/p>\n<p style=\"text-align: left;\" align=\"center\">\n<p style=\"text-align: left;\" align=\"center\">Vit\u00f3ria, 16 de julho de 2018.<\/p>\n<p align=\"center\">\n<p align=\"center\">\n<p align=\"center\">Des. S\u00c9RGIO LUIZ TEIXEIRA GAMA<\/p>\n<p align=\"center\">Presidente<\/p>\n<p>&nbsp;<\/p>\n","protected":false},"excerpt":{"rendered":"<p>ESTADO DO ESP\u00cdRITO SANTO PODER JUDICI\u00c1RIO ATO NORMATIVO n\u00b0 131\/2018 &nbsp; O Excelent\u00edssimo Senhor Desembargador S\u00c9RGIO LUIZ TEIXEIRA GAMA, Presidente do Egr\u00e9gio Tribunal de Justi\u00e7a do Estado do Esp\u00edrito Santo, no uso de suas atribui\u00e7\u00f5es legais e, CONSIDERANDO as diretrizes contidas na Lei Federal n\u00ba. 11.419, de 19 de Dezembro de 2006, que disp\u00f5e sobre [&hellip;]<\/p>\n","protected":false},"author":8,"featured_media":0,"comment_status":"open","ping_status":"open","sticky":false,"template":"","format":"standard","meta":{"footnotes":""},"categories":[4],"tags":[],"_links":{"self":[{"href":"https:\/\/www.tjes.jus.br\/corregedoria\/wp-json\/wp\/v2\/posts\/24674"}],"collection":[{"href":"https:\/\/www.tjes.jus.br\/corregedoria\/wp-json\/wp\/v2\/posts"}],"about":[{"href":"https:\/\/www.tjes.jus.br\/corregedoria\/wp-json\/wp\/v2\/types\/post"}],"author":[{"embeddable":true,"href":"https:\/\/www.tjes.jus.br\/corregedoria\/wp-json\/wp\/v2\/users\/8"}],"replies":[{"embeddable":true,"href":"https:\/\/www.tjes.jus.br\/corregedoria\/wp-json\/wp\/v2\/comments?post=24674"}],"version-history":[{"count":1,"href":"https:\/\/www.tjes.jus.br\/corregedoria\/wp-json\/wp\/v2\/posts\/24674\/revisions"}],"predecessor-version":[{"id":24675,"href":"https:\/\/www.tjes.jus.br\/corregedoria\/wp-json\/wp\/v2\/posts\/24674\/revisions\/24675"}],"wp:attachment":[{"href":"https:\/\/www.tjes.jus.br\/corregedoria\/wp-json\/wp\/v2\/media?parent=24674"}],"wp:term":[{"taxonomy":"category","embeddable":true,"href":"https:\/\/www.tjes.jus.br\/corregedoria\/wp-json\/wp\/v2\/categories?post=24674"},{"taxonomy":"post_tag","embeddable":true,"href":"https:\/\/www.tjes.jus.br\/corregedoria\/wp-json\/wp\/v2\/tags?post=24674"}],"curies":[{"name":"wp","href":"https:\/\/api.w.org\/{rel}","templated":true}]}}