{"id":24676,"date":"2018-07-19T16:54:44","date_gmt":"2018-07-19T19:54:44","guid":{"rendered":"https:\/\/www.tjes.jus.br\/corregedoria\/?p=24676"},"modified":"2018-07-19T16:54:44","modified_gmt":"2018-07-19T19:54:44","slug":"ato-normativo-conjunto-no-032-2018-disp-17-07-2018","status":"publish","type":"post","link":"https:\/\/www.tjes.jus.br\/corregedoria\/2018\/07\/19\/ato-normativo-conjunto-no-032-2018-disp-17-07-2018\/","title":{"rendered":"ATO NORMATIVO CONJUNTO N\u00ba 032\/ 2018 \u2013 DISP. 17\/07\/2018"},"content":{"rendered":"<p align=\"center\">ESTADO DO ESP\u00cdRITO SANTO<\/p>\n<p align=\"center\">PODER JUDICI\u00c1RIO<\/p>\n<p>&nbsp;<\/p>\n<p>&nbsp;<\/p>\n<p align=\"center\"><strong><span lang=\"pt-BR\">ATO NORMATIVO CONJUNTO n\u00b0 032\/2018<\/span><\/strong><\/p>\n<p align=\"center\">\n<p align=\"justify\"><span lang=\"pt-BR\">Disp\u00f5e sobre a realiza\u00e7\u00e3o de esfor\u00e7o concentrado nas unidades judici\u00e1rias com compet\u00eancia em mat\u00e9ria criminal e execu\u00e7\u00f5es penais em atendimento \u00e0 orienta\u00e7\u00e3o do C. Conselho Nacional de Justi\u00e7a.<\/span><\/p>\n<p align=\"justify\">\n<p align=\"justify\"><span lang=\"pt-BR\">O Excelent\u00edssimo Desembargador S\u00c9RGIO LUIZ TEIXEIRA GAMA, DD. Presidente do Egr\u00e9gio Tribunal de Justi\u00e7a do Estado do Esp\u00edrito Santo, e o Excelent\u00edssimo Senhor Desembargador FERNANDO ZARDINI ANTONIO, DD. Supervisor das Varas Criminais e Execu\u00e7\u00f5es Penais e do GMF\/SC \u2013 Grupo de Monitoramento e Fiscaliza\u00e7\u00e3o do Sistema Carcer\u00e1rio do Esp\u00edrito Santo, no uso de suas atribui\u00e7\u00f5es legais e,<\/span><\/p>\n<p align=\"justify\">\n<p align=\"justify\"><span lang=\"pt-BR\">CONSIDERANDO o teor do Of\u00edcio n\u00ba 0477217, oriundo do Departamento de Monitoramento e Fiscaliza\u00e7\u00e3o do Sistema Carcer\u00e1rio e do Sistema de Execu\u00e7\u00e3o de Medidas Socioeducativas do Conselho Nacional de Justi\u00e7a, solicitando empenho deste Tribunal de Justi\u00e7a no julgamento dos processos e rean\u00e1lise da manuten\u00e7\u00e3o da cust\u00f3dia cautelar das pessoas privadas de liberdade h\u00e1 mais de 180 dias, e definitivos, quanto aos benef\u00edcios da execu\u00e7\u00e3o, especialmente, a aplica\u00e7\u00e3o dos decretos de indulto e comuta\u00e7\u00e3o;<\/span><\/p>\n<p align=\"justify\">\n<p align=\"justify\"><span lang=\"pt-BR\">CONSIDERANDO a necessidade de encaminhamento por este Tribunal de Justi\u00e7a de relat\u00f3rio ao C. Conselho Nacional de Justi\u00e7a, informando o n\u00famero de audi\u00eancias realizadas, senten\u00e7as, despachos e decis\u00f5es interlocut\u00f3rias proferidas;<\/span><\/p>\n<p align=\"justify\">\n<p align=\"justify\"><span lang=\"pt-BR\">RESOLVEM:<\/span><\/p>\n<p align=\"justify\">\n<p align=\"justify\">\n<p align=\"justify\"><span lang=\"pt-BR\"><strong>Art. 1\u00ba.<\/strong><\/span><span lang=\"pt-BR\"> Solicitar que as unidades judici\u00e1rias com compet\u00eancia criminal e execu\u00e7\u00f5es penais instituam esfor\u00e7o concentrado em seu \u00e2mbito, visando proferir o maior n\u00famero poss\u00edvel de julgamentos em processos de r\u00e9us presos, revis\u00e3o de pris\u00f5es provis\u00f3rias e aprecia\u00e7\u00e3o de benef\u00edcios em execu\u00e7\u00e3o penal.<\/span><\/p>\n<p align=\"justify\">\n<p align=\"justify\">\n<p align=\"justify\"><span lang=\"pt-BR\"><strong>Par\u00e1grafo \u00fanico. <\/strong><\/span><span lang=\"pt-BR\">As unidades judici\u00e1rias dever\u00e3o encaminhar \u00e0 Coordenadoria das Varas Criminais e de Execu\u00e7\u00f5es Penais, at\u00e9 o dia 03\/08\/2018, atrav\u00e9s do e-mail <\/span><span lang=\"pt-BR\">execucoes-penais@tjes.jus.br<\/span><span lang=\"pt-BR\">, relat\u00f3rio contendo o n\u00famero de audi\u00eancias realizadas, senten\u00e7as, despachos e decis\u00f5es interlocut\u00f3rias proferidos no per\u00edodo.<\/span><\/p>\n<p align=\"justify\">\n<p align=\"justify\">\n<p align=\"justify\"><span lang=\"pt-BR\"><strong>Art. 2\u00ba. <\/strong><\/span><span lang=\"pt-BR\">Este Ato Normativo Conjunto entra em vigor na data de sua publica\u00e7\u00e3o.<\/span><\/p>\n<p align=\"justify\">\n<p align=\"justify\">\n<p align=\"justify\"><span lang=\"pt-BR\">Publique-se.<\/span><\/p>\n<p align=\"justify\">\n<p align=\"justify\">\n<p align=\"justify\"><span lang=\"pt-BR\">Vit\u00f3ria\/ES, 16 de julho de 2018.<\/span><\/p>\n<p>&nbsp;<\/p>\n<p>&nbsp;<\/p>\n<p>&nbsp;<\/p>\n<p align=\"center\"><span lang=\"pt-BR\"><strong>Desembargador S\u00c9RGIO LUIZ TEIXEIRA GAMA<\/strong><\/span><\/p>\n<p align=\"center\"><span lang=\"pt-BR\">Presidente do Egr\u00e9gio Tribunal de Justi\u00e7a do Estado do Esp\u00edrito Santo<\/span><\/p>\n<p align=\"center\">\n<p align=\"center\">\n<p align=\"center\"><span lang=\"pt-BR\"><strong>Desembargador FERNANDO ZARDINI ANTONIO<\/strong><\/span><\/p>\n<p align=\"center\"><span lang=\"pt-BR\">Supervisor do Grupo de Monitoramento e Fiscaliza\u00e7\u00e3o do Sistema Carcer\u00e1rio do Esp\u00edrito Santo<\/span><\/p>\n<p>&nbsp;<\/p>\n","protected":false},"excerpt":{"rendered":"<p>ESTADO DO ESP\u00cdRITO SANTO PODER JUDICI\u00c1RIO &nbsp; &nbsp; ATO NORMATIVO CONJUNTO n\u00b0 032\/2018 Disp\u00f5e sobre a realiza\u00e7\u00e3o de esfor\u00e7o concentrado nas unidades judici\u00e1rias com compet\u00eancia em mat\u00e9ria criminal e execu\u00e7\u00f5es penais em atendimento \u00e0 orienta\u00e7\u00e3o do C. Conselho Nacional de Justi\u00e7a. O Excelent\u00edssimo Desembargador S\u00c9RGIO LUIZ TEIXEIRA GAMA, DD. Presidente do Egr\u00e9gio Tribunal de Justi\u00e7a [&hellip;]<\/p>\n","protected":false},"author":8,"featured_media":0,"comment_status":"open","ping_status":"open","sticky":false,"template":"","format":"standard","meta":{"footnotes":""},"categories":[4],"tags":[],"_links":{"self":[{"href":"https:\/\/www.tjes.jus.br\/corregedoria\/wp-json\/wp\/v2\/posts\/24676"}],"collection":[{"href":"https:\/\/www.tjes.jus.br\/corregedoria\/wp-json\/wp\/v2\/posts"}],"about":[{"href":"https:\/\/www.tjes.jus.br\/corregedoria\/wp-json\/wp\/v2\/types\/post"}],"author":[{"embeddable":true,"href":"https:\/\/www.tjes.jus.br\/corregedoria\/wp-json\/wp\/v2\/users\/8"}],"replies":[{"embeddable":true,"href":"https:\/\/www.tjes.jus.br\/corregedoria\/wp-json\/wp\/v2\/comments?post=24676"}],"version-history":[{"count":0,"href":"https:\/\/www.tjes.jus.br\/corregedoria\/wp-json\/wp\/v2\/posts\/24676\/revisions"}],"wp:attachment":[{"href":"https:\/\/www.tjes.jus.br\/corregedoria\/wp-json\/wp\/v2\/media?parent=24676"}],"wp:term":[{"taxonomy":"category","embeddable":true,"href":"https:\/\/www.tjes.jus.br\/corregedoria\/wp-json\/wp\/v2\/categories?post=24676"},{"taxonomy":"post_tag","embeddable":true,"href":"https:\/\/www.tjes.jus.br\/corregedoria\/wp-json\/wp\/v2\/tags?post=24676"}],"curies":[{"name":"wp","href":"https:\/\/api.w.org\/{rel}","templated":true}]}}