{"id":24680,"date":"2018-07-19T17:13:31","date_gmt":"2018-07-19T20:13:31","guid":{"rendered":"https:\/\/www.tjes.jus.br\/corregedoria\/?p=24680"},"modified":"2018-07-19T17:13:31","modified_gmt":"2018-07-19T20:13:31","slug":"instrucao-conjunta-no-001-2018-disp-19-07-2018","status":"publish","type":"post","link":"https:\/\/www.tjes.jus.br\/corregedoria\/2018\/07\/19\/instrucao-conjunta-no-001-2018-disp-19-07-2018\/","title":{"rendered":"INSTRU\u00c7\u00c3O CONJUNTA N\u00ba 001\/2018 &#8211; DISP. 19\/07\/2018"},"content":{"rendered":"<p style=\"text-align: center;\"><strong>ESTADO DO ESP\u00cdRITO SANTO<\/strong><\/p>\n<p style=\"text-align: center;\"><strong>PODER JUDICI\u00c1RIO<\/strong><\/p>\n<p style=\"text-align: center;\"><strong>CORREGEDORIA GERAL DE JUSTI\u00c7A<\/strong><\/p>\n<p style=\"text-align: center;\"><strong>INSTRU\u00c7\u00c3O CONJUNTA N.\u00ba 001\/2018<\/strong><\/p>\n<p style=\"text-align: justify;\"><em>Disp\u00f5em, no \u00e2mbito do Estado do Esp\u00edrito Santo, sobre a destrui\u00e7\u00e3o das subst\u00e2ncias entorpecentes apreendidos em inqu\u00e9ritos policiais, procedimentos ou processos criminais e de apura\u00e7\u00e3o de atos infracionais, e d\u00e1 outras provid\u00eancias.<\/em><\/p>\n<p style=\"text-align: justify;\">O Excelent\u00edssimo Senhor Desembargador <strong>SAMUEL MEIRA BRASIL JR.<\/strong>, Corregedor Geral da Justi\u00e7a do Estado do Esp\u00edrito Santo, o Excelent\u00edssimo Senhor Cel PM <strong>NYLTON RODRIGUES RIBEIRO FILHO, <\/strong>Secret\u00e1rio de Estado da Seguran\u00e7a P\u00fablica e Defesa Social, o Excelent\u00edssimo Senhor Delegado <strong>GUILHERME DAR\u00c9 DE LIMA, <\/strong>Delegado Geral da Pol\u00edcia Civil do Estado do Esp\u00edrito Santo e a Excelent\u00edssima Senhora Delegada <strong>FABIANA MAIORAL FORESTO, <\/strong>Corregedora Geral Pol\u00edcia Civil do Estado do Esp\u00edrito Santo no uso de suas atribui\u00e7\u00f5es legais e,<\/p>\n<p style=\"text-align: justify;\"><strong>CONSIDERANDO <\/strong>que a Corregedoria Geral da Justi\u00e7a \u00e9 \u00f3rg\u00e3o de fiscaliza\u00e7\u00e3o, que disciplina a orienta\u00e7\u00e3o administrativa com jurisdi\u00e7\u00e3o em todo o Estado do Esp\u00edrito Santo, conforme artigo 35, <em>caput<\/em>, da Lei Complementar Estadual n.\u00ba 234\/02 (C\u00f3digo de Organiza\u00e7\u00e3o Judici\u00e1ria);<\/p>\n<p style=\"text-align: justify;\"><strong>CONSIDERANDO <\/strong>o disposto nos artigos 50 e 72 da Lei n\u00ba 11.343\/2006, de 23 de agosto de 2006, com a nova reda\u00e7\u00e3o dada pela Lei n\u00ba 12.961\/14 de 07\/04\/2014;<\/p>\n<p style=\"text-align: justify;\"><strong>CONSIDERANDO <\/strong>o Manual de Bens Apreendidos do Conselho Nacional de Justi\u00e7a;<\/p>\n<p style=\"text-align: justify;\"><strong>CONSIDERANDO<\/strong> o grande n\u00famero de subst\u00e2ncia entorpecente apreendida rotineiramente, a qual fica sob a guarda da delegacia competente e do DENARC da Grande Vit\u00f3ria e regionais;<\/p>\n<p style=\"text-align: justify;\"><strong>CONSIDERANDO <\/strong>que a Pol\u00edcia Civil do estado do Esp\u00edrito Santo n\u00e3o disp\u00f5e de condi\u00e7\u00f5es de armazenamento e cust\u00f3dia adequados para a guarda das drogas apreendidas que permanecem por tempo excessivo sem decis\u00e3o para destrui\u00e7\u00e3o;<\/p>\n<p style=\"text-align: justify;\"><strong>RESOLVEM<\/strong><\/p>\n<p style=\"text-align: justify;\"><strong>Art. 1\u00ba <\/strong>Orientar os MM. Ju\u00edzes com compet\u00eancia para processar e julgar crimes relativos a tr\u00e1ficos de entorpecentes ou ato infracional an\u00e1logo, a observ\u00e2ncia estrita ao disposto no artigo 50 da Lei 11.343\/2006, DETERMINANDO a destrui\u00e7\u00e3o das drogas apreendidas, no prazo de 10 (dez) dias, guardando-se amostra necess\u00e1ria para realiza\u00e7\u00e3o do laudo definitivo.<\/p>\n<p style=\"text-align: justify;\">\u00a7 1\u00ba. O mesmo destino dever\u00e1 ser dado aos apetrechos para acondicionamento e consumo de drogas, tais como objetos nos quais s\u00e3o ocultadas as drogas para carga que restem contaminados pela subst\u00e2ncia, al\u00e9m de cachimbos e outros utilit\u00e1rios que s\u00e3o aplicados na prepara\u00e7\u00e3o para consumo.<\/p>\n<p style=\"text-align: justify;\">\u00a7 2\u00ba. O prazo de 10(dez) dias dever\u00e1 ser contado a partir da distribui\u00e7\u00e3o do Auto de Pris\u00e3o em Flagrante, inqu\u00e9ritos policiais, termos circunstanciados ou os procedimentos de apura\u00e7\u00e3o de ato infracional, quando acompanhado do laudo de constata\u00e7\u00e3o, o que dever\u00e1 ser certificado nos autos.<\/p>\n<p style=\"text-align: justify;\">\u00a7 3\u00ba. N\u00e3o sendo apresentado o laudo de constata\u00e7\u00e3o da droga apreendida, dever\u00e1 o juiz requisit\u00e1-lo \u00e0 autoridade policial, no prazo de 10 (dez) dias.<\/p>\n<p style=\"text-align: justify;\"><strong>Art. 2\u00ba <\/strong>Orientar aos MM. Ju\u00edzes que, ao proferirem senten\u00e7a, fa\u00e7am constar a determina\u00e7\u00e3o de destrui\u00e7\u00e3o das amostras guardadas para contraprova ap\u00f3s o tr\u00e2nsito em julgado, na forma do artigo 72 da Lei n\u00ba 11.343\/06.<\/p>\n<p style=\"text-align: justify;\"><strong>Art. 3\u00ba.<\/strong> Caber\u00e1 ao delegado de pol\u00edcia competente, no prazo de 15 (quinze) dias, contados do recebimento da autoriza\u00e7\u00e3o judicial, promover a destrui\u00e7\u00e3o das drogas apreendidas, na presen\u00e7a do Minist\u00e9rio P\u00fablico e da autoridade sanit\u00e1ria, com as cautelas previstas no artigo 50 da Lei n\u00ba 1.343\/06.<\/p>\n<p style=\"text-align: justify;\"><strong>Art. 4\u00ba.<\/strong> N\u00e3o sendo observado o prazo previsto no artigo 1\u00ba desta Instru\u00e7\u00e3o Conjunta, os delegados de pol\u00edcia titulares das delegacias de pol\u00edcia do estado, remeter\u00e3o ao Delegado Diretor do departamento especializado em narc\u00f3ticos (DENARC\/SPE) a rela\u00e7\u00e3o de drogas apreendidas sob sua guarda, por prazo excessivo, at\u00e9 o dia 30 de cada m\u00eas.<\/p>\n<p style=\"text-align: justify;\">\u00a7 1\u00ba. Recebido o relat\u00f3rio de que trata o caput deste artigo, a autoridade policial (DENARC\/SPE) comunicar\u00e1 a esta Corregedoria Geral de Justi\u00e7a, por meio de relat\u00f3rio mensal e at\u00e9 o dia 10 de cada m\u00eas, a rela\u00e7\u00e3o dos processos e drogas apreendidas.<\/p>\n<p style=\"text-align: justify;\"><strong>Art. 5\u00ba. <\/strong>Recebido o relat\u00f3rio do diretor do departamento especializado em narc\u00f3ticos (DENARC\/SPE), o Corregedor determinar\u00e1 a notifica\u00e7\u00e3o do magistrado para resposta em 48 horas.<\/p>\n<p style=\"text-align: justify;\"><strong>Art. 6\u00ba <\/strong>Esta instru\u00e7\u00e3o conjunta revoga as demais disposi\u00e7\u00f5es contr\u00e1rias e os atos que lhe precederam na disciplina do tema, entrando em vigor na data de sua publica\u00e7\u00e3o.<\/p>\n<p style=\"text-align: justify;\">Publique-se. Registre-se. Cumpra-se.<\/p>\n<p style=\"text-align: justify;\">Vit\u00f3ria\/ES, 18 de julho de 2018.<\/p>\n<p style=\"text-align: center;\">Desembargador<strong> SAMUEL MEIRA BRASIL JR.<br \/>\n<em>Corregedor Geral da Justi\u00e7a<\/em><\/strong><\/p>\n<p style=\"text-align: center;\">Tenente Coronel <strong>NYLTON RODRIGUES RIBEIRO FILHO<br \/>\n<em>Secret\u00e1rio de Estado da Seguran\u00e7a P\u00fablica e Defesa Social<\/em><\/strong><\/p>\n<p style=\"text-align: center;\"><strong> GUILHERME DAR\u00c9DE LIMA<br \/>\n<em>Delegado Geral da Pol\u00edcia Civil do Estado do Esp\u00edrito Santo<\/em><\/strong><\/p>\n<p style=\"text-align: center;\"><strong>DR\u00aa. FABIANA MAIORAL FORESTO<br \/>\n<em>Corregedora Geral Pol\u00edcia Civil do, Estado do Esp\u00edrito Santo<\/em><\/strong><\/p>\n","protected":false},"excerpt":{"rendered":"<p>ESTADO DO ESP\u00cdRITO SANTO PODER JUDICI\u00c1RIO CORREGEDORIA GERAL DE JUSTI\u00c7A INSTRU\u00c7\u00c3O CONJUNTA N.\u00ba 001\/2018 Disp\u00f5em, no \u00e2mbito do Estado do Esp\u00edrito Santo, sobre a destrui\u00e7\u00e3o das subst\u00e2ncias entorpecentes apreendidos em inqu\u00e9ritos policiais, procedimentos ou processos criminais e de apura\u00e7\u00e3o de atos infracionais, e d\u00e1 outras provid\u00eancias. O Excelent\u00edssimo Senhor Desembargador SAMUEL MEIRA BRASIL JR., Corregedor [&hellip;]<\/p>\n","protected":false},"author":3,"featured_media":0,"comment_status":"open","ping_status":"open","sticky":false,"template":"","format":"standard","meta":{"footnotes":""},"categories":[14],"tags":[],"_links":{"self":[{"href":"https:\/\/www.tjes.jus.br\/corregedoria\/wp-json\/wp\/v2\/posts\/24680"}],"collection":[{"href":"https:\/\/www.tjes.jus.br\/corregedoria\/wp-json\/wp\/v2\/posts"}],"about":[{"href":"https:\/\/www.tjes.jus.br\/corregedoria\/wp-json\/wp\/v2\/types\/post"}],"author":[{"embeddable":true,"href":"https:\/\/www.tjes.jus.br\/corregedoria\/wp-json\/wp\/v2\/users\/3"}],"replies":[{"embeddable":true,"href":"https:\/\/www.tjes.jus.br\/corregedoria\/wp-json\/wp\/v2\/comments?post=24680"}],"version-history":[{"count":0,"href":"https:\/\/www.tjes.jus.br\/corregedoria\/wp-json\/wp\/v2\/posts\/24680\/revisions"}],"wp:attachment":[{"href":"https:\/\/www.tjes.jus.br\/corregedoria\/wp-json\/wp\/v2\/media?parent=24680"}],"wp:term":[{"taxonomy":"category","embeddable":true,"href":"https:\/\/www.tjes.jus.br\/corregedoria\/wp-json\/wp\/v2\/categories?post=24680"},{"taxonomy":"post_tag","embeddable":true,"href":"https:\/\/www.tjes.jus.br\/corregedoria\/wp-json\/wp\/v2\/tags?post=24680"}],"curies":[{"name":"wp","href":"https:\/\/api.w.org\/{rel}","templated":true}]}}