{"id":2471,"date":"2016-06-20T18:29:27","date_gmt":"2016-06-20T21:29:27","guid":{"rendered":"https:\/\/www.tjes.jus.br\/corregedoria\/?p=2471"},"modified":"2017-07-04T15:58:21","modified_gmt":"2017-07-04T18:58:21","slug":"ato-normativo-n-0382014-disp-25022014","status":"publish","type":"post","link":"https:\/\/www.tjes.jus.br\/corregedoria\/2016\/06\/20\/ato-normativo-n-0382014-disp-25022014\/","title":{"rendered":"ATO NORMATIVO N\u00ba 038\/2014 &#8211; DISP. 25\/02\/2014"},"content":{"rendered":"<p style=\"text-align: center;\"><strong>ESTADO DO ESP\u00cdRITO SANTO<\/strong><\/p>\n<p style=\"text-align: center;\"><strong>PODER JUDICI\u00c1RIO<\/strong><\/p>\n<p style=\"text-align: center;\"><strong>TRIBUNAL DE JUSTI\u00c7A<\/strong><\/p>\n<p style=\"text-align: center;\"><strong>Gabinete da Presid\u00eancia<\/strong><\/p>\n<p style=\"text-align: center;\"><strong>ATO NORMATIVO N\u00ba 038\/2014<\/strong><\/p>\n<p style=\"text-align: justify;\"><strong>O PRESIDENTE DO TRIBUNAL DE JUSTI\u00c7A DO ESTADO DO ESP\u00cdRITO SANTO, NO USO DE SUAS ATRIBUI\u00c7\u00d5ES LEGAIS,<\/strong><\/p>\n<p style=\"text-align: justify;\"><strong>Considerando<\/strong> que a Lei n\u00ba 566\/2010 (Reestrutura\u00e7\u00e3o e Moderniza\u00e7\u00e3o da Estrutura Administrativa do TJES) integrou o or\u00e7amento da Corregedoria-Geral ao \u00d3rg\u00e3o Tribunal de Justi\u00e7a do Estado do Esp\u00edrito Santo;<\/p>\n<p style=\"text-align: justify;\"><strong>Considerando<\/strong> o Termo de Coopera\u00e7\u00e3o T\u00e9cnica n\u00ba 01\/2013, publicado no DJ do dia 12 de dezembro de 2013, que estabelece a implanta\u00e7\u00e3o do Sistema Integrado de Administra\u00e7\u00e3o de Recursos Humanos &#8211; SIARHES pelo Tribunal de Justi\u00e7a do Esp\u00edrito Santo;<\/p>\n<p style=\"text-align: justify;\"><strong>RESOLVE:<\/strong><\/p>\n<p style=\"text-align: justify;\"><strong>Art. 1\u00ba <\/strong>&#8211; Tornar sem efeito dos atos normativos n\u00bas <a href=\"https:\/\/www.tjes.jus.br\/corregedoria\/index.php\/2017\/04\/20\/ato-normativo-conjunto-no-062010-publ-19052010\/\" target=\"_blank\" rel=\"noopener noreferrer\">06\/2010<\/a> e <a href=\"https:\/\/www.tjes.jus.br\/corregedoria\/index.php\/2017\/05\/18\/ato-normativo-no-0362012-disp-26032012\/\" target=\"_blank\" rel=\"noopener noreferrer\">36\/2012<\/a>;<\/p>\n<p style=\"text-align: justify;\"><strong>Art. 2\u00ba <\/strong>&#8211; compor Comiss\u00e3o para parametrizar, implantar e customizar o Sistema Integrado de Administra\u00e7\u00e3o de Recursos Humanos &#8211; SIARHES no \u00e2mbito do Poder Judici\u00e1rio do Estado do Esp\u00edrito Santo, com os seguintes membros:<\/p>\n<p style=\"text-align: justify;\">I- Ana Paula Gireli Bissi Tatagiba (Secret\u00e1ria de Gest\u00e3o de Pessoas);<\/p>\n<p style=\"text-align: justify;\">II &#8211; Christine Rossi (Assessora Judici\u00e1ria);<\/p>\n<p style=\"text-align: justify;\">III &#8211; Eufania Aparecida Franck (Coordenadora de Recursos Humanos);<\/p>\n<p style=\"text-align: justify;\">IV &#8211; Marcelo Tavares de Alburquerque (Coordenador de Pagamento de Pessoal);<\/p>\n<p style=\"text-align: justify;\">V &#8211; Paulo C\u00e9sar Patr\u00edcio de Souza (Analista Judici\u00e1rio 01);<\/p>\n<p style=\"text-align: justify;\">VI &#8211; Fabr\u00edcio da Silva Cabidelli (Analista Judici\u00e1rio 01);<\/p>\n<p style=\"text-align: justify;\">VII &#8211; F\u00e1bio Santana Vieira (Analista Judici\u00e1rio 01);<\/p>\n<p style=\"text-align: justify;\">VIII &#8211; Jean Carlos de Oliveira (Secret\u00e1rio de Tecnologia da Informa\u00e7\u00e3o);<\/p>\n<p style=\"text-align: justify;\">IX &#8211; Alamir Costa Louro (Coordenador de Desenvolvimento);<\/p>\n<p style=\"text-align: justify;\">X &#8211; Marcelo Venturott Ferreira (Chefe de Se\u00e7\u00e3o de Sistemas Administrativos);<\/p>\n<p style=\"text-align: justify;\">XI &#8211; Let\u00edcia Rossitti Margoto (Analista Judici\u00e1rio 02);<\/p>\n<p style=\"text-align: justify;\">XII &#8211; Eduardo Marim Pissinati (Analista Judici\u00e1rio 02);<\/p>\n<p style=\"text-align: justify;\">XIII &#8211; Rodrigo Marques da Silva (Analista Judici\u00e1rio 01);<\/p>\n<p style=\"text-align: justify;\"><strong>Art. 3\u00ba <\/strong>&#8211; Designar como Presidente da Comiss\u00e3o a Sra. Christine Rossi e, na circunst\u00e2ncia de sua aus\u00eancia, o Sr. Alamir Costa Louro.<\/p>\n<p style=\"text-align: justify;\"><strong>Art. 4\u00ba <\/strong>&#8211; Este Ato entra em vigor na data de sua publica\u00e7\u00e3o.<\/p>\n<p style=\"text-align: justify;\"><strong>Publique-se.<\/strong><\/p>\n<p style=\"text-align: justify;\"><strong>Vit\u00f3ria\/ES, em 24 de fevereiro de 2014.<\/strong><\/p>\n<p style=\"text-align: center;\"><strong>Desembargador S\u00c9RGIO BIZZOTTO PESSOA DE MENDON\u00c7A<br \/>\nPresidente do Tribunal de Justi\u00e7a\/ES<\/strong><\/p>\n","protected":false},"excerpt":{"rendered":"<p>ESTADO DO ESP\u00cdRITO SANTO PODER JUDICI\u00c1RIO TRIBUNAL DE JUSTI\u00c7A Gabinete da Presid\u00eancia ATO NORMATIVO N\u00ba 038\/2014 O PRESIDENTE DO TRIBUNAL DE JUSTI\u00c7A DO ESTADO DO ESP\u00cdRITO SANTO, NO USO DE SUAS ATRIBUI\u00c7\u00d5ES LEGAIS, Considerando que a Lei n\u00ba 566\/2010 (Reestrutura\u00e7\u00e3o e Moderniza\u00e7\u00e3o da Estrutura Administrativa do TJES) integrou o or\u00e7amento da Corregedoria-Geral ao \u00d3rg\u00e3o Tribunal [&hellip;]<\/p>\n","protected":false},"author":1,"featured_media":0,"comment_status":"open","ping_status":"open","sticky":false,"template":"","format":"standard","meta":{"footnotes":""},"categories":[4,14],"tags":[],"_links":{"self":[{"href":"https:\/\/www.tjes.jus.br\/corregedoria\/wp-json\/wp\/v2\/posts\/2471"}],"collection":[{"href":"https:\/\/www.tjes.jus.br\/corregedoria\/wp-json\/wp\/v2\/posts"}],"about":[{"href":"https:\/\/www.tjes.jus.br\/corregedoria\/wp-json\/wp\/v2\/types\/post"}],"author":[{"embeddable":true,"href":"https:\/\/www.tjes.jus.br\/corregedoria\/wp-json\/wp\/v2\/users\/1"}],"replies":[{"embeddable":true,"href":"https:\/\/www.tjes.jus.br\/corregedoria\/wp-json\/wp\/v2\/comments?post=2471"}],"version-history":[{"count":4,"href":"https:\/\/www.tjes.jus.br\/corregedoria\/wp-json\/wp\/v2\/posts\/2471\/revisions"}],"predecessor-version":[{"id":16385,"href":"https:\/\/www.tjes.jus.br\/corregedoria\/wp-json\/wp\/v2\/posts\/2471\/revisions\/16385"}],"wp:attachment":[{"href":"https:\/\/www.tjes.jus.br\/corregedoria\/wp-json\/wp\/v2\/media?parent=2471"}],"wp:term":[{"taxonomy":"category","embeddable":true,"href":"https:\/\/www.tjes.jus.br\/corregedoria\/wp-json\/wp\/v2\/categories?post=2471"},{"taxonomy":"post_tag","embeddable":true,"href":"https:\/\/www.tjes.jus.br\/corregedoria\/wp-json\/wp\/v2\/tags?post=2471"}],"curies":[{"name":"wp","href":"https:\/\/api.w.org\/{rel}","templated":true}]}}